{"id":6519,"date":"2025-11-04T15:16:53","date_gmt":"2025-11-04T18:16:53","guid":{"rendered":"https:\/\/ravel.com.br\/blog\/?p=6519"},"modified":"2025-11-04T15:16:55","modified_gmt":"2025-11-04T18:16:55","slug":"a-importancia-do-offboarding-digital","status":"publish","type":"post","link":"https:\/\/ravel.com.br\/blog\/a-importancia-do-offboarding-digital\/","title":{"rendered":"A Import\u00e2ncia do Offboarding Digital"},"content":{"rendered":"\n<p>Em muitas empresas, o processo de desligamento ainda \u00e9 visto como uma etapa meramente administrativa: recolher crach\u00e1s, desligar o e-mail e atualizar a folha de pagamento. No entanto, a falta de um protocolo digital de offboarding digital pode deixar brechas perigosas.<\/p>\n\n\n\n<p>Ex-funcion\u00e1rios que mant\u00eam acesso a sistemas, pastas em nuvem, grupos corporativos e senhas compartilhadas representam um risco real de <strong>vazamento, exclus\u00e3o ou manipula\u00e7\u00e3o de dados cr\u00edticos<\/strong>.<\/p>\n\n\n\n<p>Esses incidentes n\u00e3o apenas causam preju\u00edzos operacionais \u2014 podem tamb\u00e9m comprometer a reputa\u00e7\u00e3o da empresa e gerar implica\u00e7\u00f5es legais, especialmente em tempos de <strong>LGPD<\/strong> e auditorias de conformidade.<\/p>\n\n\n\n<h2 class=\"wp-block-heading\"><strong>Como a tecnologia pode ajudar o offboarding digital e evitar preju\u00edzos ap\u00f3s o desligamento<\/strong><\/h2>\n\n\n\n<p>O avan\u00e7o das solu\u00e7\u00f5es de seguran\u00e7a digital permite que empresas de todos os portes criem <strong>camadas de prote\u00e7\u00e3o e automa\u00e7\u00e3o<\/strong> para reduzir falhas humanas e prevenir incidentes intencionais.<br>Ferramentas de <strong>gest\u00e3o de identidades, backup corporativo e monitoramento cont\u00ednuo<\/strong> t\u00eam se tornado essenciais em um cen\u00e1rio onde a informa\u00e7\u00e3o \u00e9 o principal ativo das organiza\u00e7\u00f5es.<\/p>\n\n\n\n<p><strong>1. Controle de acesso inteligente<\/strong><\/p>\n\n\n\n<p>Solu\u00e7\u00f5es de <strong>Gest\u00e3o de Acesso e Identidades <\/strong>permitem que a empresa defina, monitore e revogue acessos de forma automatizada. Assim, no momento em que um colaborador \u00e9 desligado, seus logins e permiss\u00f5es s\u00e3o bloqueados instantaneamente, evitando acessos indevidos a e-mails, arquivos e sistemas internos.<\/p>\n\n\n\n<p><strong>2. Backups autom\u00e1ticos e protegidos<\/strong><\/p>\n\n\n\n<p>O <strong>backup imut\u00e1vel<\/strong> \u00e9 hoje uma das principais defesas contra exclus\u00e3o acidental ou deliberada de informa\u00e7\u00f5es. Esta solu\u00e7\u00e3o permite armazenar c\u00f3pias dos dados em nuvem com prote\u00e7\u00e3o contra exclus\u00e3o ou modifica\u00e7\u00e3o, garantindo que os arquivos corporativos possam ser recuperados mesmo ap\u00f3s incidentes internos.<\/p>\n\n\n\n<p><a href=\"https:\/\/ravel.com.br\/backup-online\">Backup Online Gerenciado para Servidores | Microsoft 365<\/a><\/p>\n\n\n\n<p><strong>3. Monitoramento e auditoria<\/strong><\/p>\n\n\n\n<p>Solu\u00e7\u00f5es de <strong>Monitoramento cont\u00ednuo e proativo<\/strong> ajudam a identificar atividades suspeitas em tempo real \u2014 como exclus\u00f5es em massa, transfer\u00eancias de dados ou logins fora do padr\u00e3o. Essas ferramentas n\u00e3o apenas previnem danos, mas tamb\u00e9m fortalecem a rastreabilidade e a governan\u00e7a sobre as a\u00e7\u00f5es dos usu\u00e1rios.<\/p>\n\n\n\n<p><strong>4. Pol\u00edticas de DLP e prote\u00e7\u00e3o de dados sens\u00edveis<\/strong><\/p>\n\n\n\n<p>O uso de <strong>Data Loss Prevention (DLP)<\/strong> e <strong>classifica\u00e7\u00e3o de dados<\/strong> no Microsoft 365, por exemplo, permite que a empresa bloqueie automaticamente o envio de informa\u00e7\u00f5es confidenciais por e-mail ou compartilhamento externo. Essa camada de seguran\u00e7a impede que dados estrat\u00e9gicos saiam do ambiente corporativo sem autoriza\u00e7\u00e3o.<\/p>\n\n\n\n<p><strong>5. Cultura e conscientiza\u00e7\u00e3o<\/strong><\/p>\n\n\n\n<p>Nenhuma tecnologia \u00e9 totalmente eficaz sem o fator humano. Programas de <strong>conscientiza\u00e7\u00e3o em seguran\u00e7a<\/strong> e <strong>treinamentos peri\u00f3dicos<\/strong> ajudam os colaboradores a entender a import\u00e2ncia da prote\u00e7\u00e3o de dados, do uso respons\u00e1vel das informa\u00e7\u00f5es e das consequ\u00eancias legais de a\u00e7\u00f5es indevidas.<\/p>\n\n\n\n<figure class=\"wp-block-image size-large\"><img loading=\"lazy\" decoding=\"async\" width=\"1024\" height=\"300\" src=\"https:\/\/ravel.com.br\/blog\/wp-content\/uploads\/2025\/11\/Offboarding-digital-Banner-1024x300.jpg\" alt=\"Offboarding Digital\" class=\"wp-image-6524\" srcset=\"https:\/\/ravel.com.br\/blog\/wp-content\/uploads\/2025\/11\/Offboarding-digital-Banner-1024x300.jpg 1024w, https:\/\/ravel.com.br\/blog\/wp-content\/uploads\/2025\/11\/Offboarding-digital-Banner-300x88.jpg 300w, https:\/\/ravel.com.br\/blog\/wp-content\/uploads\/2025\/11\/Offboarding-digital-Banner-768x225.jpg 768w, https:\/\/ravel.com.br\/blog\/wp-content\/uploads\/2025\/11\/Offboarding-digital-Banner-610x179.jpg 610w, https:\/\/ravel.com.br\/blog\/wp-content\/uploads\/2025\/11\/Offboarding-digital-Banner.jpg 1069w\" sizes=\"(max-width: 1024px) 100vw, 1024px\" \/><\/figure>\n\n\n\n<p><strong>Seguran\u00e7a digital \u00e9 tamb\u00e9m seguran\u00e7a organizacional<\/strong><\/p>\n\n\n\n<p>Ao unir tecnologia, processos e cultura, as empresas passam a ter uma <strong>vis\u00e3o preventiva<\/strong>, e n\u00e3o apenas reativa, sobre a seguran\u00e7a digital.<\/p>\n\n\n\n<p>Automatizar o offboarding digital, manter backups confi\u00e1veis e aplicar pol\u00edticas de acesso bem definidas s\u00e3o medidas que evitam que uma sa\u00edda de colaborador se transforme em um incidente grave.<\/p>\n\n\n\n<p><a href=\"https:\/\/ravel.com.br\/seguranca-da-informacao\">Consultoria em Seguran\u00e7a da Informa\u00e7\u00e3o | Ravel Tecnologia<\/a><\/p>\n","protected":false},"excerpt":{"rendered":"<p>Saiba como o offboarding digital fortalece a seguran\u00e7a organizacional. Reduza riscos e proteja dados corporativos ap\u00f3s desligamentos<\/p>\n","protected":false},"author":5,"featured_media":6523,"comment_status":"closed","ping_status":"open","sticky":false,"template":"","format":"standard","meta":{"_et_pb_use_builder":"","_et_pb_old_content":"","_et_gb_content_width":"","footnotes":""},"categories":[103,6],"tags":[],"class_list":["post-6519","post","type-post","status-publish","format-standard","has-post-thumbnail","hentry","category-gestao","category-tecnologia","et-has-post-format-content","et_post_format-et-post-format-standard"],"yoast_head":"<!-- This site is optimized with the Yoast SEO plugin v24.1 - https:\/\/yoast.com\/wordpress\/plugins\/seo\/ -->\n<title>A Import\u00e2ncia do Offboarding Digital - Blog - Ravel Tecnologia<\/title>\n<meta name=\"description\" content=\"Saiba como o offboarding digital fortalece a seguran\u00e7a organizacional. Reduza riscos e proteja dados corporativos ap\u00f3s desligamentos\" \/>\n<meta name=\"robots\" content=\"index, follow, max-snippet:-1, max-image-preview:large, max-video-preview:-1\" \/>\n<link rel=\"canonical\" href=\"https:\/\/ravel.com.br\/blog\/a-importancia-do-offboarding-digital\/\" \/>\n<meta property=\"og:locale\" content=\"pt_BR\" \/>\n<meta property=\"og:type\" content=\"article\" \/>\n<meta property=\"og:title\" content=\"A Import\u00e2ncia do Offboarding Digital - Blog - Ravel Tecnologia\" \/>\n<meta property=\"og:description\" content=\"Saiba como o offboarding digital fortalece a seguran\u00e7a organizacional. Reduza riscos e proteja dados corporativos ap\u00f3s desligamentos\" \/>\n<meta property=\"og:url\" content=\"https:\/\/ravel.com.br\/blog\/a-importancia-do-offboarding-digital\/\" \/>\n<meta property=\"og:site_name\" content=\"Blog Tecnologia\" \/>\n<meta property=\"article:author\" content=\"https:\/\/www.facebook.com\/rafael.penassi\" \/>\n<meta property=\"article:published_time\" content=\"2025-11-04T18:16:53+00:00\" \/>\n<meta property=\"article:modified_time\" content=\"2025-11-04T18:16:55+00:00\" \/>\n<meta property=\"og:image\" content=\"https:\/\/ravel.com.br\/blog\/wp-content\/uploads\/2025\/11\/Offboarding-digital-Capa.jpg\" \/>\n\t<meta property=\"og:image:width\" content=\"951\" \/>\n\t<meta property=\"og:image:height\" content=\"643\" \/>\n\t<meta property=\"og:image:type\" content=\"image\/jpeg\" \/>\n<meta name=\"author\" content=\"Rafael Penassi - Coordenador T\u00e9cnico da Ravel Tecnologia\" \/>\n<meta name=\"twitter:card\" content=\"summary_large_image\" \/>\n<meta name=\"twitter:label1\" content=\"Escrito por\" \/>\n\t<meta name=\"twitter:data1\" content=\"Rafael Penassi - Coordenador T\u00e9cnico da Ravel Tecnologia\" \/>\n\t<meta name=\"twitter:label2\" content=\"Est. tempo de leitura\" \/>\n\t<meta name=\"twitter:data2\" content=\"4 minutos\" \/>\n<script type=\"application\/ld+json\" class=\"yoast-schema-graph\">{\"@context\":\"https:\/\/schema.org\",\"@graph\":[{\"@type\":\"WebPage\",\"@id\":\"https:\/\/ravel.com.br\/blog\/a-importancia-do-offboarding-digital\/\",\"url\":\"https:\/\/ravel.com.br\/blog\/a-importancia-do-offboarding-digital\/\",\"name\":\"A Import\u00e2ncia do Offboarding Digital - Blog - Ravel Tecnologia\",\"isPartOf\":{\"@id\":\"https:\/\/ravel.com.br\/blog\/#website\"},\"primaryImageOfPage\":{\"@id\":\"https:\/\/ravel.com.br\/blog\/a-importancia-do-offboarding-digital\/#primaryimage\"},\"image\":{\"@id\":\"https:\/\/ravel.com.br\/blog\/a-importancia-do-offboarding-digital\/#primaryimage\"},\"thumbnailUrl\":\"https:\/\/ravel.com.br\/blog\/wp-content\/uploads\/2025\/11\/Offboarding-digital-Capa.jpg\",\"datePublished\":\"2025-11-04T18:16:53+00:00\",\"dateModified\":\"2025-11-04T18:16:55+00:00\",\"author\":{\"@id\":\"https:\/\/ravel.com.br\/blog\/#\/schema\/person\/7641f356626335514dd8cc51445d7013\"},\"description\":\"Saiba como o offboarding digital fortalece a seguran\u00e7a organizacional. Reduza riscos e proteja dados corporativos ap\u00f3s desligamentos\",\"breadcrumb\":{\"@id\":\"https:\/\/ravel.com.br\/blog\/a-importancia-do-offboarding-digital\/#breadcrumb\"},\"inLanguage\":\"pt-BR\",\"potentialAction\":[{\"@type\":\"ReadAction\",\"target\":[\"https:\/\/ravel.com.br\/blog\/a-importancia-do-offboarding-digital\/\"]}]},{\"@type\":\"ImageObject\",\"inLanguage\":\"pt-BR\",\"@id\":\"https:\/\/ravel.com.br\/blog\/a-importancia-do-offboarding-digital\/#primaryimage\",\"url\":\"https:\/\/ravel.com.br\/blog\/wp-content\/uploads\/2025\/11\/Offboarding-digital-Capa.jpg\",\"contentUrl\":\"https:\/\/ravel.com.br\/blog\/wp-content\/uploads\/2025\/11\/Offboarding-digital-Capa.jpg\",\"width\":951,\"height\":643},{\"@type\":\"BreadcrumbList\",\"@id\":\"https:\/\/ravel.com.br\/blog\/a-importancia-do-offboarding-digital\/#breadcrumb\",\"itemListElement\":[{\"@type\":\"ListItem\",\"position\":1,\"name\":\"In\u00edcio\",\"item\":\"https:\/\/ravel.com.br\/blog\/\"},{\"@type\":\"ListItem\",\"position\":2,\"name\":\"A Import\u00e2ncia do Offboarding Digital\"}]},{\"@type\":\"WebSite\",\"@id\":\"https:\/\/ravel.com.br\/blog\/#website\",\"url\":\"https:\/\/ravel.com.br\/blog\/\",\"name\":\"Blog Tecnologia\",\"description\":\"Dicas e Artigos sobre Tecnologia\",\"potentialAction\":[{\"@type\":\"SearchAction\",\"target\":{\"@type\":\"EntryPoint\",\"urlTemplate\":\"https:\/\/ravel.com.br\/blog\/?s={search_term_string}\"},\"query-input\":{\"@type\":\"PropertyValueSpecification\",\"valueRequired\":true,\"valueName\":\"search_term_string\"}}],\"inLanguage\":\"pt-BR\"},{\"@type\":\"Person\",\"@id\":\"https:\/\/ravel.com.br\/blog\/#\/schema\/person\/7641f356626335514dd8cc51445d7013\",\"name\":\"Rafael Penassi - Coordenador T\u00e9cnico da Ravel Tecnologia\",\"image\":{\"@type\":\"ImageObject\",\"inLanguage\":\"pt-BR\",\"@id\":\"https:\/\/ravel.com.br\/blog\/#\/schema\/person\/image\/\",\"url\":\"https:\/\/secure.gravatar.com\/avatar\/2a770fdf2a73c4ec13d1a29a8c0e3b9e?s=96&d=mm&r=g\",\"contentUrl\":\"https:\/\/secure.gravatar.com\/avatar\/2a770fdf2a73c4ec13d1a29a8c0e3b9e?s=96&d=mm&r=g\",\"caption\":\"Rafael Penassi - Coordenador T\u00e9cnico da Ravel Tecnologia\"},\"description\":\"Coordenador T\u00e9cnico na Ravel, formado em Gest\u00e3o de Tecnologia da Informa\u00e7\u00e3o. Atua na Gest\u00e3o do Suporte T\u00e9cnico, Onboarding em novos clientes e Gest\u00e3o de Projetos, busca proporcionar sempre o melhor uso da tecnologia a favor dos clientes. Adora cozinhar, tocar sua guitarra e viol\u00e3o, al\u00e9m de apreciar um bom vinho.\",\"sameAs\":[\"http:\/\/ravel.com.br\",\"https:\/\/www.facebook.com\/rafael.penassi\",\"https:\/\/br.linkedin.com\/in\/rafael-penassi-0aa382a4\"],\"url\":\"https:\/\/ravel.com.br\/blog\/author\/rafael-penassi\/\"}]}<\/script>\n<!-- \/ Yoast SEO plugin. -->","yoast_head_json":{"title":"A Import\u00e2ncia do Offboarding Digital - Blog - Ravel Tecnologia","description":"Saiba como o offboarding digital fortalece a seguran\u00e7a organizacional. Reduza riscos e proteja dados corporativos ap\u00f3s desligamentos","robots":{"index":"index","follow":"follow","max-snippet":"max-snippet:-1","max-image-preview":"max-image-preview:large","max-video-preview":"max-video-preview:-1"},"canonical":"https:\/\/ravel.com.br\/blog\/a-importancia-do-offboarding-digital\/","og_locale":"pt_BR","og_type":"article","og_title":"A Import\u00e2ncia do Offboarding Digital - Blog - Ravel Tecnologia","og_description":"Saiba como o offboarding digital fortalece a seguran\u00e7a organizacional. Reduza riscos e proteja dados corporativos ap\u00f3s desligamentos","og_url":"https:\/\/ravel.com.br\/blog\/a-importancia-do-offboarding-digital\/","og_site_name":"Blog Tecnologia","article_author":"https:\/\/www.facebook.com\/rafael.penassi","article_published_time":"2025-11-04T18:16:53+00:00","article_modified_time":"2025-11-04T18:16:55+00:00","og_image":[{"width":951,"height":643,"url":"https:\/\/ravel.com.br\/blog\/wp-content\/uploads\/2025\/11\/Offboarding-digital-Capa.jpg","type":"image\/jpeg"}],"author":"Rafael Penassi - Coordenador T\u00e9cnico da Ravel Tecnologia","twitter_card":"summary_large_image","twitter_misc":{"Escrito por":"Rafael Penassi - Coordenador T\u00e9cnico da Ravel Tecnologia","Est. tempo de leitura":"4 minutos"},"schema":{"@context":"https:\/\/schema.org","@graph":[{"@type":"WebPage","@id":"https:\/\/ravel.com.br\/blog\/a-importancia-do-offboarding-digital\/","url":"https:\/\/ravel.com.br\/blog\/a-importancia-do-offboarding-digital\/","name":"A Import\u00e2ncia do Offboarding Digital - Blog - Ravel Tecnologia","isPartOf":{"@id":"https:\/\/ravel.com.br\/blog\/#website"},"primaryImageOfPage":{"@id":"https:\/\/ravel.com.br\/blog\/a-importancia-do-offboarding-digital\/#primaryimage"},"image":{"@id":"https:\/\/ravel.com.br\/blog\/a-importancia-do-offboarding-digital\/#primaryimage"},"thumbnailUrl":"https:\/\/ravel.com.br\/blog\/wp-content\/uploads\/2025\/11\/Offboarding-digital-Capa.jpg","datePublished":"2025-11-04T18:16:53+00:00","dateModified":"2025-11-04T18:16:55+00:00","author":{"@id":"https:\/\/ravel.com.br\/blog\/#\/schema\/person\/7641f356626335514dd8cc51445d7013"},"description":"Saiba como o offboarding digital fortalece a seguran\u00e7a organizacional. Reduza riscos e proteja dados corporativos ap\u00f3s desligamentos","breadcrumb":{"@id":"https:\/\/ravel.com.br\/blog\/a-importancia-do-offboarding-digital\/#breadcrumb"},"inLanguage":"pt-BR","potentialAction":[{"@type":"ReadAction","target":["https:\/\/ravel.com.br\/blog\/a-importancia-do-offboarding-digital\/"]}]},{"@type":"ImageObject","inLanguage":"pt-BR","@id":"https:\/\/ravel.com.br\/blog\/a-importancia-do-offboarding-digital\/#primaryimage","url":"https:\/\/ravel.com.br\/blog\/wp-content\/uploads\/2025\/11\/Offboarding-digital-Capa.jpg","contentUrl":"https:\/\/ravel.com.br\/blog\/wp-content\/uploads\/2025\/11\/Offboarding-digital-Capa.jpg","width":951,"height":643},{"@type":"BreadcrumbList","@id":"https:\/\/ravel.com.br\/blog\/a-importancia-do-offboarding-digital\/#breadcrumb","itemListElement":[{"@type":"ListItem","position":1,"name":"In\u00edcio","item":"https:\/\/ravel.com.br\/blog\/"},{"@type":"ListItem","position":2,"name":"A Import\u00e2ncia do Offboarding Digital"}]},{"@type":"WebSite","@id":"https:\/\/ravel.com.br\/blog\/#website","url":"https:\/\/ravel.com.br\/blog\/","name":"Blog Tecnologia","description":"Dicas e Artigos sobre Tecnologia","potentialAction":[{"@type":"SearchAction","target":{"@type":"EntryPoint","urlTemplate":"https:\/\/ravel.com.br\/blog\/?s={search_term_string}"},"query-input":{"@type":"PropertyValueSpecification","valueRequired":true,"valueName":"search_term_string"}}],"inLanguage":"pt-BR"},{"@type":"Person","@id":"https:\/\/ravel.com.br\/blog\/#\/schema\/person\/7641f356626335514dd8cc51445d7013","name":"Rafael Penassi - Coordenador T\u00e9cnico da Ravel Tecnologia","image":{"@type":"ImageObject","inLanguage":"pt-BR","@id":"https:\/\/ravel.com.br\/blog\/#\/schema\/person\/image\/","url":"https:\/\/secure.gravatar.com\/avatar\/2a770fdf2a73c4ec13d1a29a8c0e3b9e?s=96&d=mm&r=g","contentUrl":"https:\/\/secure.gravatar.com\/avatar\/2a770fdf2a73c4ec13d1a29a8c0e3b9e?s=96&d=mm&r=g","caption":"Rafael Penassi - Coordenador T\u00e9cnico da Ravel Tecnologia"},"description":"Coordenador T\u00e9cnico na Ravel, formado em Gest\u00e3o de Tecnologia da Informa\u00e7\u00e3o. Atua na Gest\u00e3o do Suporte T\u00e9cnico, Onboarding em novos clientes e Gest\u00e3o de Projetos, busca proporcionar sempre o melhor uso da tecnologia a favor dos clientes. Adora cozinhar, tocar sua guitarra e viol\u00e3o, al\u00e9m de apreciar um bom vinho.","sameAs":["http:\/\/ravel.com.br","https:\/\/www.facebook.com\/rafael.penassi","https:\/\/br.linkedin.com\/in\/rafael-penassi-0aa382a4"],"url":"https:\/\/ravel.com.br\/blog\/author\/rafael-penassi\/"}]}},"_links":{"self":[{"href":"https:\/\/ravel.com.br\/blog\/wp-json\/wp\/v2\/posts\/6519","targetHints":{"allow":["GET"]}}],"collection":[{"href":"https:\/\/ravel.com.br\/blog\/wp-json\/wp\/v2\/posts"}],"about":[{"href":"https:\/\/ravel.com.br\/blog\/wp-json\/wp\/v2\/types\/post"}],"author":[{"embeddable":true,"href":"https:\/\/ravel.com.br\/blog\/wp-json\/wp\/v2\/users\/5"}],"replies":[{"embeddable":true,"href":"https:\/\/ravel.com.br\/blog\/wp-json\/wp\/v2\/comments?post=6519"}],"version-history":[{"count":4,"href":"https:\/\/ravel.com.br\/blog\/wp-json\/wp\/v2\/posts\/6519\/revisions"}],"predecessor-version":[{"id":6525,"href":"https:\/\/ravel.com.br\/blog\/wp-json\/wp\/v2\/posts\/6519\/revisions\/6525"}],"wp:featuredmedia":[{"embeddable":true,"href":"https:\/\/ravel.com.br\/blog\/wp-json\/wp\/v2\/media\/6523"}],"wp:attachment":[{"href":"https:\/\/ravel.com.br\/blog\/wp-json\/wp\/v2\/media?parent=6519"}],"wp:term":[{"taxonomy":"category","embeddable":true,"href":"https:\/\/ravel.com.br\/blog\/wp-json\/wp\/v2\/categories?post=6519"},{"taxonomy":"post_tag","embeddable":true,"href":"https:\/\/ravel.com.br\/blog\/wp-json\/wp\/v2\/tags?post=6519"}],"curies":[{"name":"wp","href":"https:\/\/api.w.org\/{rel}","templated":true}]}}