{"id":6613,"date":"2026-01-28T11:21:27","date_gmt":"2026-01-28T14:21:27","guid":{"rendered":"https:\/\/ravel.com.br\/blog\/?p=6613"},"modified":"2026-01-28T11:21:30","modified_gmt":"2026-01-28T14:21:30","slug":"gestao-tech-enabled-a-nova-fronteira-da-eficiencia-empresarial","status":"publish","type":"post","link":"https:\/\/ravel.com.br\/blog\/gestao-tech-enabled-a-nova-fronteira-da-eficiencia-empresarial\/","title":{"rendered":"Gest\u00e3o Tech-Enabled: A Nova Fronteira da Efici\u00eancia Empresarial"},"content":{"rendered":"\n<p>A transforma\u00e7\u00e3o digital deixou h\u00e1 muito tempo de ser tend\u00eancia e se tornou uma exig\u00eancia para qualquer organiza\u00e7\u00e3o que queira permanecer competitiva. No centro dessa mudan\u00e7a est\u00e1 a Gest\u00e3o Tech-Enabled, um modelo de gest\u00e3o que integra tecnologia avan\u00e7ada, dados, automa\u00e7\u00e3o e intelig\u00eancia anal\u00edtica ao dia a dia da opera\u00e7\u00e3o e da lideran\u00e7a.<\/p>\n\n\n\n<p>Mais do que digitalizar processos, essa abordagem redesenha a forma como empresas operam, tomam decis\u00f5es e geram valor.<\/p>\n\n\n\n<h2 class=\"wp-block-heading\">O que \u00e9 Gest\u00e3o Tech-Enabled?<\/h2>\n\n\n\n<p>Gest\u00e3o Tech-Enabled \u00e9 uma filosofia de gest\u00e3o orientada pela tecnologia, na qual ferramentas digitais, dados e automa\u00e7\u00f5es sustentam a opera\u00e7\u00e3o e a tomada de decis\u00f5es.<\/p>\n\n\n\n<p>N\u00e3o se trata apenas de modernizar processos tradicionais, mas de usar a tecnologia como habilitadora estrat\u00e9gica do neg\u00f3cio. Enquanto modelos convencionais ainda dependem em excesso da a\u00e7\u00e3o humana, decis\u00f5es emp\u00edricas e controles manuais, a Gest\u00e3o Tech-Enabled promove:<\/p>\n\n\n\n<ul class=\"wp-block-list\">\n<li>Processos automatizados<\/li>\n\n\n\n<li>Monitoramento cont\u00ednuo<\/li>\n\n\n\n<li>Uso inteligente de dados<\/li>\n\n\n\n<li>Seguran\u00e7a em m\u00faltiplas camadas<\/li>\n\n\n\n<li>Efici\u00eancia operacional com custos previs\u00edveis<\/li>\n\n\n\n<li>Tomadas de decis\u00e3o r\u00e1pidas e baseadas em evid\u00eancias<\/li>\n<\/ul>\n\n\n\n<p>Essas caracter\u00edsticas permitem que a empresa opere de maneira mais resiliente, adapt\u00e1vel e produtiva.<\/p>\n\n\n\n<h2 class=\"wp-block-heading\">Por que a Gest\u00e3o Tech-Enabled faz a diferen\u00e7a<\/h2>\n\n\n\n<p>O ambiente competitivo e tecnol\u00f3gico atual tornou imposs\u00edvel crescer sem uma base s\u00f3lida de tecnologia. As empresas lidam com um volume cada vez maior de dados, exigindo ferramentas capazes de processar, analisar e transformar essas informa\u00e7\u00f5es em valor real. Ao mesmo tempo, a intensifica\u00e7\u00e3o das amea\u00e7as cibern\u00e9ticas e o aumento das regulamenta\u00e7\u00f5es tornam invi\u00e1vel depender de controles manuais \u2014 \u00e9 a tecnologia que garante prote\u00e7\u00e3o, visibilidade e respostas r\u00e1pidas.<\/p>\n\n\n\n<p>Al\u00e9m disso, a necessidade de decis\u00f5es r\u00e1pidas e baseadas em dados faz com que relat\u00f3rios manuais se tornem insuficientes; informa\u00e7\u00f5es em tempo real s\u00e3o agora um diferencial estrat\u00e9gico.<\/p>\n\n\n\n<p>Paralelamente, a press\u00e3o constante por efici\u00eancia exige reduzir desperd\u00edcios, antecipar falhas e operar de forma mais enxuta e produtiva. Nesse cen\u00e1rio, a Gest\u00e3o Tech\u2011Enabled deixa de ser opcional e se torna o caminho natural para empresas que desejam competitividade, previsibilidade e crescimento sustent\u00e1vel.<\/p>\n\n\n\n<figure class=\"wp-block-image size-full\"><img loading=\"lazy\" decoding=\"async\" width=\"958\" height=\"255\" src=\"https:\/\/ravel.com.br\/blog\/wp-content\/uploads\/2026\/01\/Tech-Enabled-Banner.jpg\" alt=\"Gest\u00e3o Tech-Enabled\" class=\"wp-image-6618\" srcset=\"https:\/\/ravel.com.br\/blog\/wp-content\/uploads\/2026\/01\/Tech-Enabled-Banner.jpg 958w, https:\/\/ravel.com.br\/blog\/wp-content\/uploads\/2026\/01\/Tech-Enabled-Banner-300x80.jpg 300w, https:\/\/ravel.com.br\/blog\/wp-content\/uploads\/2026\/01\/Tech-Enabled-Banner-768x204.jpg 768w, https:\/\/ravel.com.br\/blog\/wp-content\/uploads\/2026\/01\/Tech-Enabled-Banner-610x162.jpg 610w\" sizes=\"(max-width: 958px) 100vw, 958px\" \/><\/figure>\n\n\n\n<h2 class=\"wp-block-heading\">Pilares da Gest\u00e3o Tech-Enabled<\/h2>\n\n\n\n<p>Para entender como esse modelo funciona, vamos explorar seus pilares centrais:<\/p>\n\n\n\n<ol class=\"wp-block-list\">\n<li>Automa\u00e7\u00e3o Inteligente<br>A automa\u00e7\u00e3o \u00e9 o cora\u00e7\u00e3o da Gest\u00e3o Tech-Enabled. Ela substitui tarefas repetitivas e suscet\u00edveis a erro humano por processos inteligentes que funcionam 24\/7, como:<\/li>\n<\/ol>\n\n\n\n<ul class=\"wp-block-list\">\n<li>Aplica\u00e7\u00e3o autom\u00e1tica de atualiza\u00e7\u00f5es<\/li>\n\n\n\n<li>Corre\u00e7\u00f5es preventivas<\/li>\n\n\n\n<li>Limpeza e otimiza\u00e7\u00e3o de dispositivos<\/li>\n\n\n\n<li>Roteiros de seguran\u00e7a padronizados<\/li>\n\n\n\n<li>Integra\u00e7\u00e3o entre sistemas<\/li>\n<\/ul>\n\n\n\n<p>Isso libera equipes para tarefas estrat\u00e9gicas e reduz incidentes operacionais.<\/p>\n\n\n\n<ol start=\"2\" class=\"wp-block-list\">\n<li>Monitoramento Cont\u00ednuo<br>Com tecnologias de monitoramento \u00e9 poss\u00edvel acompanhar:<\/li>\n<\/ol>\n\n\n\n<ul class=\"wp-block-list\">\n<li>Sa\u00fade de servidores e esta\u00e7\u00f5es<\/li>\n\n\n\n<li>Erros de disco e performance<\/li>\n\n\n\n<li>Consumo de recursos<\/li>\n\n\n\n<li>Logs e tentativas de invas\u00e3o<\/li>\n\n\n\n<li>Disponibilidade da rede<\/li>\n\n\n\n<li>Pontos cr\u00edticos de seguran\u00e7a<\/li>\n<\/ul>\n\n\n\n<p>O monitoramento transforma a TI de reativa para proativa, antecipando problemas antes que afetem o neg\u00f3cio.<\/p>\n\n\n\n<p><a href=\"https:\/\/ravel.com.br\/gestao-suporte-tecnico-de-ti\">Gest\u00e3o e Suporte T\u00e9cnico de TI para Empresas | Ravel Tecnologia<\/a><\/p>\n\n\n\n<ol start=\"3\" class=\"wp-block-list\">\n<li>Dados e Intelig\u00eancia Anal\u00edtica<br>O modelo Tech-Enabled usa dados como insumo para decis\u00f5es estrat\u00e9gicas. A empresa passa a contar com:<\/li>\n<\/ol>\n\n\n\n<ul class=\"wp-block-list\">\n<li>Relat\u00f3rios executivos autom\u00e1ticos<\/li>\n\n\n\n<li>Dashboards em tempo real<\/li>\n\n\n\n<li>M\u00e9tricas de produtividade e seguran\u00e7a<\/li>\n\n\n\n<li>Insights para melhoria cont\u00ednua<\/li>\n<\/ul>\n\n\n\n<p>A decis\u00e3o deixa de ser \u201cachismo\u201d e se torna data-driven.<\/p>\n\n\n\n<ol start=\"4\" class=\"wp-block-list\">\n<li>Seguran\u00e7a em M\u00faltiplas Camadas<br>Com ataques cada vez mais sofisticados, a seguran\u00e7a deve ser integrada ao modelo de gest\u00e3o. A Gest\u00e3o Tech-Enabled inclui:<\/li>\n<\/ol>\n\n\n\n<ul class=\"wp-block-list\">\n<li>EDR\/XDR<\/li>\n\n\n\n<li>Backup gerenciado<\/li>\n\n\n\n<li>Firewall inteligente<\/li>\n\n\n\n<li>MFA e pol\u00edticas de acesso<\/li>\n\n\n\n<li>Monitoramento de amea\u00e7as<\/li>\n\n\n\n<li>Avalia\u00e7\u00e3o de vulnerabilidades<\/li>\n<\/ul>\n\n\n\n<p>Tudo isso de forma automatizada, centralizada e com visibilidade total.<\/p>\n\n\n\n<ol start=\"5\" class=\"wp-block-list\">\n<li>Infraestrutura Flex\u00edvel e Nuvem<br>A nuvem \u00e9 um dos pilares para empresas que adotam esse modelo, pois possibilita:<\/li>\n<\/ol>\n\n\n\n<ul class=\"wp-block-list\">\n<li>Escalabilidade sob demanda<\/li>\n\n\n\n<li>Acesso seguro de qualquer lugar<\/li>\n\n\n\n<li>Custos previs\u00edveis<\/li>\n\n\n\n<li>Alta disponibilidade<\/li>\n\n\n\n<li>Integra\u00e7\u00e3o com ferramentas modernas<\/li>\n<\/ul>\n\n\n\n<p>Gest\u00e3o Tech-Enabled e Cloud caminham necessariamente juntas.<\/p>\n\n\n\n<p><a href=\"https:\/\/ravel.com.br\/consultoria-de-ti\">Consultoria de TI para Empresas | Ravel Tecnologia<\/a><\/p>\n\n\n\n<h2 class=\"wp-block-heading\">Benef\u00edcios diretos para o neg\u00f3cio<\/h2>\n\n\n\n<p>Implementar uma Gest\u00e3o Tech-Enabled gera benef\u00edcios diretos e altamente percept\u00edveis para o neg\u00f3cio. A automa\u00e7\u00e3o e a preven\u00e7\u00e3o reduzem custos operacionais ao minimizar incidentes, evitar retrabalho e diminuir o tempo de m\u00e1quinas paradas. Ao mesmo tempo, a produtividade cresce significativamente, j\u00e1 que usu\u00e1rios passam a trabalhar mais r\u00e1pido, com menos interrup\u00e7\u00f5es e com recursos tecnol\u00f3gicos mais est\u00e1veis.<\/p>\n\n\n\n<p>Esse modelo tamb\u00e9m refor\u00e7a a seguran\u00e7a do ambiente, utilizando diversas camadas de prote\u00e7\u00e3o que reduzem riscos de ataques e garantem conformidade com exig\u00eancias regulat\u00f3rias.<\/p>\n\n\n\n<p>Al\u00e9m disso, a Gest\u00e3o Tech-Enabled oferece maior escalabilidade e previsibilidade financeira, permitindo que a empresa cres\u00e7a de maneira estruturada sem grandes saltos de investimento. Com dados atualizados em tempo real, a tomada de decis\u00e3o torna-se muito mais \u00e1gil e estrat\u00e9gica.<\/p>\n\n\n\n<p>Empresas que adotam esse modelo rapidamente percebem que a tecnologia deixa de ser apenas \u201csuporte\u201d e passa a ser um motor estrat\u00e9gico do neg\u00f3cio.<\/p>\n\n\n\n<p>A organiza\u00e7\u00e3o opera com mais intelig\u00eancia, seguran\u00e7a, efici\u00eancia e rapidez, conseguindo crescer com menos gargalos e mais previsibilidade.<\/p>\n","protected":false},"excerpt":{"rendered":"<p>Descubra como a Gest\u00e3o Tech-Enabled transforma neg\u00f3cios com mais efici\u00eancia, seguran\u00e7a, automa\u00e7\u00e3o e decis\u00f5es estrat\u00e9gicas \u2014 garantindo produtividade e crescimento sustent\u00e1vel<\/p>\n","protected":false},"author":34,"featured_media":6617,"comment_status":"closed","ping_status":"open","sticky":false,"template":"","format":"standard","meta":{"_et_pb_use_builder":"","_et_pb_old_content":"","_et_gb_content_width":"","footnotes":""},"categories":[103,6],"tags":[],"class_list":["post-6613","post","type-post","status-publish","format-standard","has-post-thumbnail","hentry","category-gestao","category-tecnologia","et-has-post-format-content","et_post_format-et-post-format-standard"],"yoast_head":"<!-- This site is optimized with the Yoast SEO plugin v24.1 - https:\/\/yoast.com\/wordpress\/plugins\/seo\/ -->\n<title>Gest\u00e3o Tech-Enabled e Efici\u00eancia Empresarial - Blog - Ravel<\/title>\n<meta name=\"description\" content=\"Veja como a Gest\u00e3o Tech-Enabled transforma neg\u00f3cios com mais efici\u00eancia, seguran\u00e7a, automa\u00e7\u00e3o e decis\u00f5es estrat\u00e9gicas\" \/>\n<meta name=\"robots\" content=\"index, follow, max-snippet:-1, max-image-preview:large, max-video-preview:-1\" \/>\n<link rel=\"canonical\" href=\"https:\/\/ravel.com.br\/blog\/gestao-tech-enabled-a-nova-fronteira-da-eficiencia-empresarial\/\" \/>\n<meta property=\"og:locale\" content=\"pt_BR\" \/>\n<meta property=\"og:type\" content=\"article\" \/>\n<meta property=\"og:title\" content=\"Gest\u00e3o Tech-Enabled e Efici\u00eancia Empresarial - Blog - Ravel\" \/>\n<meta property=\"og:description\" content=\"Veja como a Gest\u00e3o Tech-Enabled transforma neg\u00f3cios com mais efici\u00eancia, seguran\u00e7a, automa\u00e7\u00e3o e decis\u00f5es estrat\u00e9gicas\" \/>\n<meta property=\"og:url\" content=\"https:\/\/ravel.com.br\/blog\/gestao-tech-enabled-a-nova-fronteira-da-eficiencia-empresarial\/\" \/>\n<meta property=\"og:site_name\" content=\"Blog Tecnologia\" \/>\n<meta property=\"article:published_time\" content=\"2026-01-28T14:21:27+00:00\" \/>\n<meta property=\"article:modified_time\" content=\"2026-01-28T14:21:30+00:00\" \/>\n<meta property=\"og:image\" content=\"https:\/\/ravel.com.br\/blog\/wp-content\/uploads\/2026\/01\/Gestao-Tech-Enabled-Capa.jpg\" \/>\n\t<meta property=\"og:image:width\" content=\"718\" \/>\n\t<meta property=\"og:image:height\" content=\"493\" \/>\n\t<meta property=\"og:image:type\" content=\"image\/jpeg\" \/>\n<meta name=\"author\" content=\"Ravel Tecnologia\" \/>\n<meta name=\"twitter:card\" content=\"summary_large_image\" \/>\n<meta name=\"twitter:label1\" content=\"Escrito por\" \/>\n\t<meta name=\"twitter:data1\" content=\"Ravel Tecnologia\" \/>\n\t<meta name=\"twitter:label2\" content=\"Est. tempo de leitura\" \/>\n\t<meta name=\"twitter:data2\" content=\"5 minutos\" \/>\n<script type=\"application\/ld+json\" class=\"yoast-schema-graph\">{\"@context\":\"https:\/\/schema.org\",\"@graph\":[{\"@type\":\"WebPage\",\"@id\":\"https:\/\/ravel.com.br\/blog\/gestao-tech-enabled-a-nova-fronteira-da-eficiencia-empresarial\/\",\"url\":\"https:\/\/ravel.com.br\/blog\/gestao-tech-enabled-a-nova-fronteira-da-eficiencia-empresarial\/\",\"name\":\"Gest\u00e3o Tech-Enabled e Efici\u00eancia Empresarial - Blog - Ravel\",\"isPartOf\":{\"@id\":\"https:\/\/ravel.com.br\/blog\/#website\"},\"primaryImageOfPage\":{\"@id\":\"https:\/\/ravel.com.br\/blog\/gestao-tech-enabled-a-nova-fronteira-da-eficiencia-empresarial\/#primaryimage\"},\"image\":{\"@id\":\"https:\/\/ravel.com.br\/blog\/gestao-tech-enabled-a-nova-fronteira-da-eficiencia-empresarial\/#primaryimage\"},\"thumbnailUrl\":\"https:\/\/ravel.com.br\/blog\/wp-content\/uploads\/2026\/01\/Gestao-Tech-Enabled-Capa.jpg\",\"datePublished\":\"2026-01-28T14:21:27+00:00\",\"dateModified\":\"2026-01-28T14:21:30+00:00\",\"author\":{\"@id\":\"https:\/\/ravel.com.br\/blog\/#\/schema\/person\/77a79ccf728fc4a376654c3546e919f5\"},\"description\":\"Veja como a Gest\u00e3o Tech-Enabled transforma neg\u00f3cios com mais efici\u00eancia, seguran\u00e7a, automa\u00e7\u00e3o e decis\u00f5es estrat\u00e9gicas\",\"breadcrumb\":{\"@id\":\"https:\/\/ravel.com.br\/blog\/gestao-tech-enabled-a-nova-fronteira-da-eficiencia-empresarial\/#breadcrumb\"},\"inLanguage\":\"pt-BR\",\"potentialAction\":[{\"@type\":\"ReadAction\",\"target\":[\"https:\/\/ravel.com.br\/blog\/gestao-tech-enabled-a-nova-fronteira-da-eficiencia-empresarial\/\"]}]},{\"@type\":\"ImageObject\",\"inLanguage\":\"pt-BR\",\"@id\":\"https:\/\/ravel.com.br\/blog\/gestao-tech-enabled-a-nova-fronteira-da-eficiencia-empresarial\/#primaryimage\",\"url\":\"https:\/\/ravel.com.br\/blog\/wp-content\/uploads\/2026\/01\/Gestao-Tech-Enabled-Capa.jpg\",\"contentUrl\":\"https:\/\/ravel.com.br\/blog\/wp-content\/uploads\/2026\/01\/Gestao-Tech-Enabled-Capa.jpg\",\"width\":718,\"height\":493},{\"@type\":\"BreadcrumbList\",\"@id\":\"https:\/\/ravel.com.br\/blog\/gestao-tech-enabled-a-nova-fronteira-da-eficiencia-empresarial\/#breadcrumb\",\"itemListElement\":[{\"@type\":\"ListItem\",\"position\":1,\"name\":\"In\u00edcio\",\"item\":\"https:\/\/ravel.com.br\/blog\/\"},{\"@type\":\"ListItem\",\"position\":2,\"name\":\"Gest\u00e3o Tech-Enabled: A Nova Fronteira da Efici\u00eancia Empresarial\"}]},{\"@type\":\"WebSite\",\"@id\":\"https:\/\/ravel.com.br\/blog\/#website\",\"url\":\"https:\/\/ravel.com.br\/blog\/\",\"name\":\"Blog Tecnologia\",\"description\":\"Dicas e Artigos sobre Tecnologia\",\"potentialAction\":[{\"@type\":\"SearchAction\",\"target\":{\"@type\":\"EntryPoint\",\"urlTemplate\":\"https:\/\/ravel.com.br\/blog\/?s={search_term_string}\"},\"query-input\":{\"@type\":\"PropertyValueSpecification\",\"valueRequired\":true,\"valueName\":\"search_term_string\"}}],\"inLanguage\":\"pt-BR\"},{\"@type\":\"Person\",\"@id\":\"https:\/\/ravel.com.br\/blog\/#\/schema\/person\/77a79ccf728fc4a376654c3546e919f5\",\"name\":\"Ravel Tecnologia\",\"image\":{\"@type\":\"ImageObject\",\"inLanguage\":\"pt-BR\",\"@id\":\"https:\/\/ravel.com.br\/blog\/#\/schema\/person\/image\/\",\"url\":\"https:\/\/secure.gravatar.com\/avatar\/449267afe4e5fadbd121b8790fd528f6?s=96&d=mm&r=g\",\"contentUrl\":\"https:\/\/secure.gravatar.com\/avatar\/449267afe4e5fadbd121b8790fd528f6?s=96&d=mm&r=g\",\"caption\":\"Ravel Tecnologia\"},\"description\":\"Oferecemos servi\u00e7os de TI para garantir que a tecnologia trabalhe como forte aliada na conquista de resultados e se reflita de forma direta na produtividade e no crescimento das empresas.\",\"url\":\"https:\/\/ravel.com.br\/blog\/author\/ravel-tecnologia\/\"}]}<\/script>\n<!-- \/ Yoast SEO plugin. -->","yoast_head_json":{"title":"Gest\u00e3o Tech-Enabled e Efici\u00eancia Empresarial - Blog - Ravel","description":"Veja como a Gest\u00e3o Tech-Enabled transforma neg\u00f3cios com mais efici\u00eancia, seguran\u00e7a, automa\u00e7\u00e3o e decis\u00f5es estrat\u00e9gicas","robots":{"index":"index","follow":"follow","max-snippet":"max-snippet:-1","max-image-preview":"max-image-preview:large","max-video-preview":"max-video-preview:-1"},"canonical":"https:\/\/ravel.com.br\/blog\/gestao-tech-enabled-a-nova-fronteira-da-eficiencia-empresarial\/","og_locale":"pt_BR","og_type":"article","og_title":"Gest\u00e3o Tech-Enabled e Efici\u00eancia Empresarial - Blog - Ravel","og_description":"Veja como a Gest\u00e3o Tech-Enabled transforma neg\u00f3cios com mais efici\u00eancia, seguran\u00e7a, automa\u00e7\u00e3o e decis\u00f5es estrat\u00e9gicas","og_url":"https:\/\/ravel.com.br\/blog\/gestao-tech-enabled-a-nova-fronteira-da-eficiencia-empresarial\/","og_site_name":"Blog Tecnologia","article_published_time":"2026-01-28T14:21:27+00:00","article_modified_time":"2026-01-28T14:21:30+00:00","og_image":[{"width":718,"height":493,"url":"https:\/\/ravel.com.br\/blog\/wp-content\/uploads\/2026\/01\/Gestao-Tech-Enabled-Capa.jpg","type":"image\/jpeg"}],"author":"Ravel Tecnologia","twitter_card":"summary_large_image","twitter_misc":{"Escrito por":"Ravel Tecnologia","Est. tempo de leitura":"5 minutos"},"schema":{"@context":"https:\/\/schema.org","@graph":[{"@type":"WebPage","@id":"https:\/\/ravel.com.br\/blog\/gestao-tech-enabled-a-nova-fronteira-da-eficiencia-empresarial\/","url":"https:\/\/ravel.com.br\/blog\/gestao-tech-enabled-a-nova-fronteira-da-eficiencia-empresarial\/","name":"Gest\u00e3o Tech-Enabled e Efici\u00eancia Empresarial - Blog - Ravel","isPartOf":{"@id":"https:\/\/ravel.com.br\/blog\/#website"},"primaryImageOfPage":{"@id":"https:\/\/ravel.com.br\/blog\/gestao-tech-enabled-a-nova-fronteira-da-eficiencia-empresarial\/#primaryimage"},"image":{"@id":"https:\/\/ravel.com.br\/blog\/gestao-tech-enabled-a-nova-fronteira-da-eficiencia-empresarial\/#primaryimage"},"thumbnailUrl":"https:\/\/ravel.com.br\/blog\/wp-content\/uploads\/2026\/01\/Gestao-Tech-Enabled-Capa.jpg","datePublished":"2026-01-28T14:21:27+00:00","dateModified":"2026-01-28T14:21:30+00:00","author":{"@id":"https:\/\/ravel.com.br\/blog\/#\/schema\/person\/77a79ccf728fc4a376654c3546e919f5"},"description":"Veja como a Gest\u00e3o Tech-Enabled transforma neg\u00f3cios com mais efici\u00eancia, seguran\u00e7a, automa\u00e7\u00e3o e decis\u00f5es estrat\u00e9gicas","breadcrumb":{"@id":"https:\/\/ravel.com.br\/blog\/gestao-tech-enabled-a-nova-fronteira-da-eficiencia-empresarial\/#breadcrumb"},"inLanguage":"pt-BR","potentialAction":[{"@type":"ReadAction","target":["https:\/\/ravel.com.br\/blog\/gestao-tech-enabled-a-nova-fronteira-da-eficiencia-empresarial\/"]}]},{"@type":"ImageObject","inLanguage":"pt-BR","@id":"https:\/\/ravel.com.br\/blog\/gestao-tech-enabled-a-nova-fronteira-da-eficiencia-empresarial\/#primaryimage","url":"https:\/\/ravel.com.br\/blog\/wp-content\/uploads\/2026\/01\/Gestao-Tech-Enabled-Capa.jpg","contentUrl":"https:\/\/ravel.com.br\/blog\/wp-content\/uploads\/2026\/01\/Gestao-Tech-Enabled-Capa.jpg","width":718,"height":493},{"@type":"BreadcrumbList","@id":"https:\/\/ravel.com.br\/blog\/gestao-tech-enabled-a-nova-fronteira-da-eficiencia-empresarial\/#breadcrumb","itemListElement":[{"@type":"ListItem","position":1,"name":"In\u00edcio","item":"https:\/\/ravel.com.br\/blog\/"},{"@type":"ListItem","position":2,"name":"Gest\u00e3o Tech-Enabled: A Nova Fronteira da Efici\u00eancia Empresarial"}]},{"@type":"WebSite","@id":"https:\/\/ravel.com.br\/blog\/#website","url":"https:\/\/ravel.com.br\/blog\/","name":"Blog Tecnologia","description":"Dicas e Artigos sobre Tecnologia","potentialAction":[{"@type":"SearchAction","target":{"@type":"EntryPoint","urlTemplate":"https:\/\/ravel.com.br\/blog\/?s={search_term_string}"},"query-input":{"@type":"PropertyValueSpecification","valueRequired":true,"valueName":"search_term_string"}}],"inLanguage":"pt-BR"},{"@type":"Person","@id":"https:\/\/ravel.com.br\/blog\/#\/schema\/person\/77a79ccf728fc4a376654c3546e919f5","name":"Ravel Tecnologia","image":{"@type":"ImageObject","inLanguage":"pt-BR","@id":"https:\/\/ravel.com.br\/blog\/#\/schema\/person\/image\/","url":"https:\/\/secure.gravatar.com\/avatar\/449267afe4e5fadbd121b8790fd528f6?s=96&d=mm&r=g","contentUrl":"https:\/\/secure.gravatar.com\/avatar\/449267afe4e5fadbd121b8790fd528f6?s=96&d=mm&r=g","caption":"Ravel Tecnologia"},"description":"Oferecemos servi\u00e7os de TI para garantir que a tecnologia trabalhe como forte aliada na conquista de resultados e se reflita de forma direta na produtividade e no crescimento das empresas.","url":"https:\/\/ravel.com.br\/blog\/author\/ravel-tecnologia\/"}]}},"_links":{"self":[{"href":"https:\/\/ravel.com.br\/blog\/wp-json\/wp\/v2\/posts\/6613","targetHints":{"allow":["GET"]}}],"collection":[{"href":"https:\/\/ravel.com.br\/blog\/wp-json\/wp\/v2\/posts"}],"about":[{"href":"https:\/\/ravel.com.br\/blog\/wp-json\/wp\/v2\/types\/post"}],"author":[{"embeddable":true,"href":"https:\/\/ravel.com.br\/blog\/wp-json\/wp\/v2\/users\/34"}],"replies":[{"embeddable":true,"href":"https:\/\/ravel.com.br\/blog\/wp-json\/wp\/v2\/comments?post=6613"}],"version-history":[{"count":4,"href":"https:\/\/ravel.com.br\/blog\/wp-json\/wp\/v2\/posts\/6613\/revisions"}],"predecessor-version":[{"id":6619,"href":"https:\/\/ravel.com.br\/blog\/wp-json\/wp\/v2\/posts\/6613\/revisions\/6619"}],"wp:featuredmedia":[{"embeddable":true,"href":"https:\/\/ravel.com.br\/blog\/wp-json\/wp\/v2\/media\/6617"}],"wp:attachment":[{"href":"https:\/\/ravel.com.br\/blog\/wp-json\/wp\/v2\/media?parent=6613"}],"wp:term":[{"taxonomy":"category","embeddable":true,"href":"https:\/\/ravel.com.br\/blog\/wp-json\/wp\/v2\/categories?post=6613"},{"taxonomy":"post_tag","embeddable":true,"href":"https:\/\/ravel.com.br\/blog\/wp-json\/wp\/v2\/tags?post=6613"}],"curies":[{"name":"wp","href":"https:\/\/api.w.org\/{rel}","templated":true}]}}