{"id":676,"date":"2019-09-24T15:43:00","date_gmt":"2019-09-24T18:43:00","guid":{"rendered":"https:\/\/ravel.com.br\/blog\/?p=676"},"modified":"2023-07-03T16:08:22","modified_gmt":"2023-07-03T19:08:22","slug":"terceirizacao-de-ti-vale-a-pena","status":"publish","type":"post","link":"https:\/\/ravel.com.br\/blog\/terceirizacao-de-ti-vale-a-pena\/","title":{"rendered":"Terceiriza\u00e7\u00e3o de TI: Vale a pena?"},"content":{"rendered":"\n<p>As pequenas e m\u00e9dias empresas costumam ficar em d\u00favida de como conduzir a \u00e1rea de tecnologia. \u00c9 comum a reflex\u00e3o sobre a <strong>terceiriza\u00e7\u00e3o de TI<\/strong> ou a utiliza\u00e7\u00e3o de equipe pr\u00f3pria. Buscar uma avalia\u00e7\u00e3o ampla das caracter\u00edsticas, benef\u00edcios e riscos \u00e9 fundamental para a melhor tomada de decis\u00e3o. Traremos ent\u00e3o alguns pontos relevantes nesta an\u00e1lise.<\/p>\n\n\n\n<h2 class=\"wp-block-heading\">TI Estrat\u00e9gica  <\/h2>\n\n\n\n<p>Um primeiro ponto a ser observado\n\u00e9 o entendimento do papel estrat\u00e9gico da TI para qualquer empresa, de qualquer\nsegmento e tamanho. \u00c9 fundamental buscar o melhor aproveitamento da tecnologia\npara n\u00e3o ficar para tr\u00e1s e ser atropelado pelo mercado. <\/p>\n\n\n\n<p>Leia tamb\u00e9m: <a href=\"https:\/\/ravel.com.br\/blog\/servicos-gerenciados-de-ti-e-a-competitividade-das-empresas\/\" target=\"_blank\" rel=\"noreferrer noopener\" aria-label=\" (abre numa nova aba)\">Servi\u00e7os Gerenciados e a competitividade das empresas<\/a><\/p>\n\n\n\n<h2 class=\"wp-block-heading\">Conhecimento atualizado e diversificado<\/h2>\n\n\n\n<p>Se temos um consenso de que \u00e9 extremamente importante ter a tecnologia\ncomo aliada para o seu neg\u00f3cio, \u00e9 natural concluirmos que ter um conhecimento\namplo e atualizado sobre novas ferramentas, recursos e aplica\u00e7\u00f5es tecnol\u00f3gicas\nfar\u00e1 muita diferen\u00e7a.<\/p>\n\n\n\n<p>Neste aspecto, eu trago uma an\u00e1lise sobre uma tend\u00eancia que surge quando uma pequena ou m\u00e9dia empresa tem um colaborador interno dedicado \u00e0 fun\u00e7\u00e3o de TI. <\/p>\n\n\n\n<p>Normalmente, este profissional acaba ficando limitado ao que a empresa tem de complexidade t\u00e9cnica e disponibilidade de investimento. Isto faz com que ele permane\u00e7a dentro de uma \u201cbolha\u201d de conhecimento, onde a parte externa acaba crescendo rapidamente, mas a limita\u00e7\u00e3o imposta pelo ambiente da empresa ofusca a parte externa. Por consequ\u00eancia, a empresa tende a ficar mais distante das novidades do mercado.<\/p>\n\n\n\n<h2 class=\"wp-block-heading\">A zona de conforto \u00e9 um perigo<\/h2>\n\n\n\n<p>Neste ponto mencionado acima, em muitos casos, voc\u00ea percebe que a organiza\u00e7\u00e3o tem um ambiente de TI est\u00e1vel e sem grandes problemas, mas o grande perigo \u00e9 n\u00e3o perceber que acabou ficando em uma zona de conforto tecnol\u00f3gico e deixou de aproveitar oportunidades de evoluir em produtividade, seguran\u00e7a e mobilidade.<\/p>\n\n\n\n<p>Por outro lado, quando a organiza\u00e7\u00e3o tem como parceira uma empresa especializada em <strong>terceiriza\u00e7\u00e3o de TI<\/strong>, tende a ter uma rela\u00e7\u00e3o com um profissional gestor, que est\u00e1 periodicamente em contato com desafios e complexidades de v\u00e1rias empresas e setores distintos. <\/p>\n\n\n\n<div style=\"height:30px\" aria-hidden=\"true\" class=\"wp-block-spacer\"><\/div>\n\n\n\n<figure class=\"wp-block-image size-full\"><img loading=\"lazy\" decoding=\"async\" width=\"858\" height=\"112\" src=\"https:\/\/ravel.com.br\/blog\/wp-content\/uploads\/2023\/07\/banner-blog-ravel.png\" alt=\"\" class=\"wp-image-4960\" srcset=\"https:\/\/ravel.com.br\/blog\/wp-content\/uploads\/2023\/07\/banner-blog-ravel.png 858w, https:\/\/ravel.com.br\/blog\/wp-content\/uploads\/2023\/07\/banner-blog-ravel-300x39.png 300w, https:\/\/ravel.com.br\/blog\/wp-content\/uploads\/2023\/07\/banner-blog-ravel-768x100.png 768w, https:\/\/ravel.com.br\/blog\/wp-content\/uploads\/2023\/07\/banner-blog-ravel-610x80.png 610w\" sizes=\"(max-width: 858px) 100vw, 858px\" \/><\/figure>\n\n\n\n<p>Isto faz com que este especialista dificilmente fique limitado a uma bolha. Ele est\u00e1 sempre sendo desafiado a buscar novos conhecimentos e tecnologias para dar respostas aos clientes. E a diversidade de desafios acaba facilitando a complementariedade de solu\u00e7\u00f5es. <\/p>\n\n\n\n<p>A empresa tem um papel importante neste aspecto. Aconselhamos que ela cobre por um plano de desenvolvimento a ser adotado a curto e m\u00e9dio prazo. Isto \u00e9 importante tanto para quem tem uma equipe interna ou terceirizada.<\/p>\n\n\n\n<p>Mesmo quando os gestores n\u00e3o se sentem confort\u00e1veis em rela\u00e7\u00e3o ao seu conhecimento t\u00e9cnico, provavelmente ser\u00e1 poss\u00edvel identificar se o \u201crecheio\u201d do mesmo est\u00e1 com uma constru\u00e7\u00e3o de racioc\u00ednio que faz sentido para a empresa ou se parece que est\u00e1 limitado.<\/p>\n\n\n\n<h2 class=\"wp-block-heading\">Documenta\u00e7\u00e3o <\/h2>\n\n\n\n<p>Por mais que a empresa tenha um ambiente est\u00e1vel, moderno e otimizado,\nn\u00e3o se esque\u00e7a de documentar as informa\u00e7\u00f5es.<\/p>\n\n\n\n<p>Com a rotina do trabalho, os profissionais t\u00e9cnicos internos podem\ncair \u201cno autom\u00e1tico\u201d de ter todos os procedimentos, senhas e caminhos\natualizados na pr\u00f3pria cabe\u00e7a. Tudo tranquilo enquanto ele est\u00e1 no dia a dia da\nempresa, mas uma eventual aus\u00eancia tempor\u00e1ria ou definitiva pode ser um caos\npara uma manuten\u00e7\u00e3o a ser feita. E sendo apenas 1 funcion\u00e1rio, o risco \u00e9 ainda\nmaior.<\/p>\n\n\n\n<p>Novamente, com uma <strong>terceiriza\u00e7\u00e3o de TI<\/strong>, a responsabilidade de\nmanter a documenta\u00e7\u00e3o dispon\u00edvel e segura \u00e9 dela. Isto faz parte das\natribui\u00e7\u00f5es do gestor, que prezar\u00e1 para a continuidade do neg\u00f3cio, considerando\na troca de t\u00e9cnicos e a disponibiliza\u00e7\u00e3o a qualquer momento para a pr\u00f3pria\nempresa.<\/p>\n\n\n\n<p>Seja uma TI interna ou externa, sempre pe\u00e7a uma documenta\u00e7\u00e3o clara e atualizada. Se poss\u00edvel, valide as informa\u00e7\u00f5es. Principalmente sobre backup.<\/p>\n\n\n\n<h2 class=\"wp-block-heading\">Tempo e foco<strong><\/strong><\/h2>\n\n\n\n<p>Sabemos do famoso clich\u00ea que tempo \u00e9 dinheiro. Com isto, o melhor\naproveitamento do tempo \u00e9 fundamental.<\/p>\n\n\n\n<p>Neste aspecto, temos uma outra caracter\u00edstica que tende a acontecer\ncom uma TI interna. Que \u00e9 o mau uso do tempo para qual foi contratado. \u00c9 comum\no uso do tempo para tarefas que n\u00e3o s\u00e3o relativas a TI. <\/p>\n\n\n\n<p>Mas o principal ponto \u00e9 uma tend\u00eancia de n\u00e3o se buscar claramente como\nmeta uma otimiza\u00e7\u00e3o de processos. Isto poderia ser feito por automa\u00e7\u00f5es, novas\nvers\u00f5es e melhorias que nem sempre t\u00eam investimentos impeditivos. E o tempo\nsendo gasto com tarefas que nem precisariam ser feitas, naturalmente vai fazer\nfalta para ser usado de forma construtiva para agregar valor ao neg\u00f3cio.<\/p>\n\n\n\n<p>J\u00e1 atrav\u00e9s de uma empresa de <strong>terceiriza\u00e7\u00e3o de TI<\/strong>, a busca ser\u00e1 otimizar ao m\u00e1ximo os processos. Quanto menos paradas, chamados t\u00e9cnicos e tempo de interrup\u00e7\u00f5es, melhor para a empresa, que ganha em produtividade. Tamb\u00e9m \u00e9 interessante para a empresa de TI, que otimiza seus recursos, sobrando tempo para propor um ciclo virtuoso de melhorias.<\/p>\n\n\n\n<h2 class=\"wp-block-heading\">Formatos de terceiriza\u00e7\u00e3o de TI<\/h2>\n\n\n\n<p>Um ponto interessante \u00e9 avaliar que nem sempre a empresa precisa optar por ter toda essa estrutura interna ou externa. Existe mais de um formato que pode ser analisado e aplicado, deste modo como \u00e9 poss\u00edvel ir alternando entre eles.<\/p>\n\n\n\n<p>Imagine o cen\u00e1rio em que a empresa tem um profissional interno de muita confian\u00e7a, excelente relacionamento com os colaboradores e com a dire\u00e7\u00e3o, al\u00e9m de possuir conhecimento sobre todos os sistemas existentes. Por\u00e9m, ele nitidamente est\u00e1 com dificuldades de propor evolu\u00e7\u00f5es a serem aplicadas. Isto pode acontecer por diversos fatores, por exemplo: comodismo, falta de tempo, falta de investimento em novos cursos, entre outros. Voc\u00ea precisa troc\u00e1-lo? <\/p>\n\n\n\n<div style=\"height:30px\" aria-hidden=\"true\" class=\"wp-block-spacer\"><\/div>\n\n\n\n<figure class=\"wp-block-image\"><a href=\"https:\/\/ravel.com.br\/contato\" target=\"_blank\" rel=\"noreferrer noopener\"><img loading=\"lazy\" decoding=\"async\" width=\"1024\" height=\"133\" src=\"https:\/\/ravel.com.br\/blog\/wp-content\/uploads\/2019\/11\/CTA1-1024x133.png\" alt=\"\" class=\"wp-image-806\" srcset=\"https:\/\/ravel.com.br\/blog\/wp-content\/uploads\/2019\/11\/CTA1-1024x133.png 1024w, https:\/\/ravel.com.br\/blog\/wp-content\/uploads\/2019\/11\/CTA1-300x39.png 300w, https:\/\/ravel.com.br\/blog\/wp-content\/uploads\/2019\/11\/CTA1-768x100.png 768w, https:\/\/ravel.com.br\/blog\/wp-content\/uploads\/2019\/11\/CTA1-610x79.png 610w, https:\/\/ravel.com.br\/blog\/wp-content\/uploads\/2019\/11\/CTA1-1080x140.png 1080w\" sizes=\"(max-width: 1024px) 100vw, 1024px\" \/><\/a><\/figure>\n\n\n\n<p>Entendemos que n\u00e3o. Uma modalidade da <strong>terceiriza\u00e7\u00e3o de TI<\/strong> \u00e9 ter apenas uma contrata\u00e7\u00e3o de um Gestor para ele. Logo, ele continua na execu\u00e7\u00e3o dos trabalhos do dia a dia, mas a empresa ter\u00e1 um Gestor T\u00e9cnico externo que o ajudar\u00e1 a aplicar novos recursos. <\/p>\n\n\n\n<p>O gestor ter\u00e1 uma agenda programada de uma determinada quantidade de\nvisitas por m\u00eas para haver a troca de informa\u00e7\u00f5es e o direcionamento. Al\u00e9m do\ndirecionamento para este profissional, o gestor traz para a dire\u00e7\u00e3o da empresa\numa vis\u00e3o das aplica\u00e7\u00f5es implementadas e de novas op\u00e7\u00f5es tecnol\u00f3gicas. <\/p>\n\n\n\n<p>Ressalto que as informa\u00e7\u00f5es s\u00e3o com base em tend\u00eancias do que vimos\nnos anos de experi\u00eancia que temos. Sem d\u00favidas existem exce\u00e7\u00f5es de excelentes\nprofissionais internos.<\/p>\n\n\n\n<p>At\u00e9 por isto, a <strong>terceiriza\u00e7\u00e3o de TI<\/strong> pode ter v\u00e1rios n\u00edveis, de\nacordo com a situa\u00e7\u00e3o de cada empresa. Conhe\u00e7a mais sobre nosso servi\u00e7o de <a href=\"https:\/\/ravel.com.br\/gestao-de-ti\">Gest\u00e3o de TI<\/a> e vamos conversar.<\/p>\n","protected":false},"excerpt":{"rendered":"<p>As pequenas e m\u00e9dias empresas costumam ficar em d\u00favida de como conduzir a \u00e1rea de tecnologia. \u00c9 comum a reflex\u00e3o sobre a terceiriza\u00e7\u00e3o de TI ou a utiliza\u00e7\u00e3o de equipe pr\u00f3pria. Buscar uma avalia\u00e7\u00e3o ampla das caracter\u00edsticas, benef\u00edcios e riscos \u00e9 fundamental para a melhor tomada de decis\u00e3o. Traremos ent\u00e3o alguns pontos relevantes nesta an\u00e1lise. [&hellip;]<\/p>\n","protected":false},"author":7,"featured_media":4469,"comment_status":"open","ping_status":"open","sticky":false,"template":"","format":"standard","meta":{"_et_pb_use_builder":"off","_et_pb_old_content":"","_et_gb_content_width":"","footnotes":""},"categories":[103,6],"tags":[],"class_list":["post-676","post","type-post","status-publish","format-standard","has-post-thumbnail","hentry","category-gestao","category-tecnologia","et-has-post-format-content","et_post_format-et-post-format-standard"],"yoast_head":"<!-- This site is optimized with the Yoast SEO plugin v24.1 - https:\/\/yoast.com\/wordpress\/plugins\/seo\/ -->\n<title>Terceiriza\u00e7\u00e3o de TI \u2013 Vale a pena? | Ravel Tecnologia<\/title>\n<meta name=\"description\" content=\"Voc\u00ea sabe como funciona a terceiriza\u00e7\u00e3o de TI e quais s\u00e3o os benef\u00edcios que podem ser agregados \u00e0 sua empresa com esse tipo de contrata\u00e7\u00e3o.\" \/>\n<meta name=\"robots\" content=\"index, follow, max-snippet:-1, max-image-preview:large, max-video-preview:-1\" \/>\n<link rel=\"canonical\" href=\"https:\/\/ravel.com.br\/blog\/terceirizacao-de-ti-vale-a-pena\/\" \/>\n<meta property=\"og:locale\" content=\"pt_BR\" \/>\n<meta property=\"og:type\" content=\"article\" \/>\n<meta property=\"og:title\" content=\"Terceiriza\u00e7\u00e3o de TI \u2013 Vale a pena? | Ravel Tecnologia\" \/>\n<meta property=\"og:description\" content=\"Voc\u00ea sabe como funciona a terceiriza\u00e7\u00e3o de TI e quais s\u00e3o os benef\u00edcios que podem ser agregados \u00e0 sua empresa com esse tipo de contrata\u00e7\u00e3o.\" \/>\n<meta property=\"og:url\" content=\"https:\/\/ravel.com.br\/blog\/terceirizacao-de-ti-vale-a-pena\/\" \/>\n<meta property=\"og:site_name\" content=\"Blog Tecnologia\" \/>\n<meta property=\"article:author\" content=\"https:\/\/www.facebook.com\/raveltecnologia\/\" \/>\n<meta property=\"article:published_time\" content=\"2019-09-24T18:43:00+00:00\" \/>\n<meta property=\"article:modified_time\" content=\"2023-07-03T19:08:22+00:00\" \/>\n<meta property=\"og:image\" content=\"https:\/\/ravel.com.br\/blog\/wp-content\/uploads\/2019\/09\/terceirizacao-de-ti.jpg\" \/>\n\t<meta property=\"og:image:width\" content=\"1280\" \/>\n\t<meta property=\"og:image:height\" content=\"640\" \/>\n\t<meta property=\"og:image:type\" content=\"image\/jpeg\" \/>\n<meta name=\"author\" content=\"Nelson Corr\u00eaa Leite J\u00fanior\" \/>\n<meta name=\"twitter:card\" content=\"summary_large_image\" \/>\n<meta name=\"twitter:label1\" content=\"Escrito por\" \/>\n\t<meta name=\"twitter:data1\" content=\"Nelson Corr\u00eaa Leite J\u00fanior\" \/>\n\t<meta name=\"twitter:label2\" content=\"Est. tempo de leitura\" \/>\n\t<meta name=\"twitter:data2\" content=\"6 minutos\" \/>\n<script type=\"application\/ld+json\" class=\"yoast-schema-graph\">{\"@context\":\"https:\/\/schema.org\",\"@graph\":[{\"@type\":\"WebPage\",\"@id\":\"https:\/\/ravel.com.br\/blog\/terceirizacao-de-ti-vale-a-pena\/\",\"url\":\"https:\/\/ravel.com.br\/blog\/terceirizacao-de-ti-vale-a-pena\/\",\"name\":\"Terceiriza\u00e7\u00e3o de TI \u2013 Vale a pena? | Ravel Tecnologia\",\"isPartOf\":{\"@id\":\"https:\/\/ravel.com.br\/blog\/#website\"},\"primaryImageOfPage\":{\"@id\":\"https:\/\/ravel.com.br\/blog\/terceirizacao-de-ti-vale-a-pena\/#primaryimage\"},\"image\":{\"@id\":\"https:\/\/ravel.com.br\/blog\/terceirizacao-de-ti-vale-a-pena\/#primaryimage\"},\"thumbnailUrl\":\"https:\/\/ravel.com.br\/blog\/wp-content\/uploads\/2019\/09\/terceirizacao-de-ti.jpg\",\"datePublished\":\"2019-09-24T18:43:00+00:00\",\"dateModified\":\"2023-07-03T19:08:22+00:00\",\"author\":{\"@id\":\"https:\/\/ravel.com.br\/blog\/#\/schema\/person\/5809fbed911cb14566b16220749d3dcc\"},\"description\":\"Voc\u00ea sabe como funciona a terceiriza\u00e7\u00e3o de TI e quais s\u00e3o os benef\u00edcios que podem ser agregados \u00e0 sua empresa com esse tipo de contrata\u00e7\u00e3o.\",\"breadcrumb\":{\"@id\":\"https:\/\/ravel.com.br\/blog\/terceirizacao-de-ti-vale-a-pena\/#breadcrumb\"},\"inLanguage\":\"pt-BR\",\"potentialAction\":[{\"@type\":\"ReadAction\",\"target\":[\"https:\/\/ravel.com.br\/blog\/terceirizacao-de-ti-vale-a-pena\/\"]}]},{\"@type\":\"ImageObject\",\"inLanguage\":\"pt-BR\",\"@id\":\"https:\/\/ravel.com.br\/blog\/terceirizacao-de-ti-vale-a-pena\/#primaryimage\",\"url\":\"https:\/\/ravel.com.br\/blog\/wp-content\/uploads\/2019\/09\/terceirizacao-de-ti.jpg\",\"contentUrl\":\"https:\/\/ravel.com.br\/blog\/wp-content\/uploads\/2019\/09\/terceirizacao-de-ti.jpg\",\"width\":1280,\"height\":640,\"caption\":\"group of brokers working together at the modern office space.\"},{\"@type\":\"BreadcrumbList\",\"@id\":\"https:\/\/ravel.com.br\/blog\/terceirizacao-de-ti-vale-a-pena\/#breadcrumb\",\"itemListElement\":[{\"@type\":\"ListItem\",\"position\":1,\"name\":\"In\u00edcio\",\"item\":\"https:\/\/ravel.com.br\/blog\/\"},{\"@type\":\"ListItem\",\"position\":2,\"name\":\"Terceiriza\u00e7\u00e3o de TI: Vale a pena?\"}]},{\"@type\":\"WebSite\",\"@id\":\"https:\/\/ravel.com.br\/blog\/#website\",\"url\":\"https:\/\/ravel.com.br\/blog\/\",\"name\":\"Blog Tecnologia\",\"description\":\"Dicas e Artigos sobre Tecnologia\",\"potentialAction\":[{\"@type\":\"SearchAction\",\"target\":{\"@type\":\"EntryPoint\",\"urlTemplate\":\"https:\/\/ravel.com.br\/blog\/?s={search_term_string}\"},\"query-input\":{\"@type\":\"PropertyValueSpecification\",\"valueRequired\":true,\"valueName\":\"search_term_string\"}}],\"inLanguage\":\"pt-BR\"},{\"@type\":\"Person\",\"@id\":\"https:\/\/ravel.com.br\/blog\/#\/schema\/person\/5809fbed911cb14566b16220749d3dcc\",\"name\":\"Nelson Corr\u00eaa Leite J\u00fanior\",\"image\":{\"@type\":\"ImageObject\",\"inLanguage\":\"pt-BR\",\"@id\":\"https:\/\/ravel.com.br\/blog\/#\/schema\/person\/image\/\",\"url\":\"https:\/\/secure.gravatar.com\/avatar\/4eeb3b5606c8a9b5aded280058cd2a1f?s=96&d=mm&r=g\",\"contentUrl\":\"https:\/\/secure.gravatar.com\/avatar\/4eeb3b5606c8a9b5aded280058cd2a1f?s=96&d=mm&r=g\",\"caption\":\"Nelson Corr\u00eaa Leite J\u00fanior\"},\"description\":\"Empres\u00e1rio desde 1997, onde \u00e9 Co-founder da Ravel Tecnologia, atuando como CEO na coordena\u00e7\u00e3o, gest\u00e3o da lideran\u00e7a e desenvolvimento estrat\u00e9gico. Especializado em Seguran\u00e7a da Informa\u00e7\u00e3o e solu\u00e7\u00f5es em nuvem. S\u00f3cio da ag\u00eancia de Marketing Digital Incandescente, com atua\u00e7\u00e3o na gest\u00e3o administrativa, financeira e estrat\u00e9gica. Busca por evoluir o uso da tecnologia aplicada aos neg\u00f3cios e as pessoas, buscando uma vis\u00e3o sist\u00eamica para fomentar e potencializar a inova\u00e7\u00e3o e crescimento. Pai de 2 lindos filhos e apreciador de uma boa cerveja.\",\"sameAs\":[\"http:\/\/ravel.com.br\",\"https:\/\/www.facebook.com\/raveltecnologia\/\",\"https:\/\/www.linkedin.com\/in\/nelson-corr\u00eaa-leite-j\u00fanior-337631160\/\"],\"url\":\"https:\/\/ravel.com.br\/blog\/author\/nelson\/\"}]}<\/script>\n<!-- \/ Yoast SEO plugin. -->","yoast_head_json":{"title":"Terceiriza\u00e7\u00e3o de TI \u2013 Vale a pena? | Ravel Tecnologia","description":"Voc\u00ea sabe como funciona a terceiriza\u00e7\u00e3o de TI e quais s\u00e3o os benef\u00edcios que podem ser agregados \u00e0 sua empresa com esse tipo de contrata\u00e7\u00e3o.","robots":{"index":"index","follow":"follow","max-snippet":"max-snippet:-1","max-image-preview":"max-image-preview:large","max-video-preview":"max-video-preview:-1"},"canonical":"https:\/\/ravel.com.br\/blog\/terceirizacao-de-ti-vale-a-pena\/","og_locale":"pt_BR","og_type":"article","og_title":"Terceiriza\u00e7\u00e3o de TI \u2013 Vale a pena? | Ravel Tecnologia","og_description":"Voc\u00ea sabe como funciona a terceiriza\u00e7\u00e3o de TI e quais s\u00e3o os benef\u00edcios que podem ser agregados \u00e0 sua empresa com esse tipo de contrata\u00e7\u00e3o.","og_url":"https:\/\/ravel.com.br\/blog\/terceirizacao-de-ti-vale-a-pena\/","og_site_name":"Blog Tecnologia","article_author":"https:\/\/www.facebook.com\/raveltecnologia\/","article_published_time":"2019-09-24T18:43:00+00:00","article_modified_time":"2023-07-03T19:08:22+00:00","og_image":[{"width":1280,"height":640,"url":"https:\/\/ravel.com.br\/blog\/wp-content\/uploads\/2019\/09\/terceirizacao-de-ti.jpg","type":"image\/jpeg"}],"author":"Nelson Corr\u00eaa Leite J\u00fanior","twitter_card":"summary_large_image","twitter_misc":{"Escrito por":"Nelson Corr\u00eaa Leite J\u00fanior","Est. tempo de leitura":"6 minutos"},"schema":{"@context":"https:\/\/schema.org","@graph":[{"@type":"WebPage","@id":"https:\/\/ravel.com.br\/blog\/terceirizacao-de-ti-vale-a-pena\/","url":"https:\/\/ravel.com.br\/blog\/terceirizacao-de-ti-vale-a-pena\/","name":"Terceiriza\u00e7\u00e3o de TI \u2013 Vale a pena? | Ravel Tecnologia","isPartOf":{"@id":"https:\/\/ravel.com.br\/blog\/#website"},"primaryImageOfPage":{"@id":"https:\/\/ravel.com.br\/blog\/terceirizacao-de-ti-vale-a-pena\/#primaryimage"},"image":{"@id":"https:\/\/ravel.com.br\/blog\/terceirizacao-de-ti-vale-a-pena\/#primaryimage"},"thumbnailUrl":"https:\/\/ravel.com.br\/blog\/wp-content\/uploads\/2019\/09\/terceirizacao-de-ti.jpg","datePublished":"2019-09-24T18:43:00+00:00","dateModified":"2023-07-03T19:08:22+00:00","author":{"@id":"https:\/\/ravel.com.br\/blog\/#\/schema\/person\/5809fbed911cb14566b16220749d3dcc"},"description":"Voc\u00ea sabe como funciona a terceiriza\u00e7\u00e3o de TI e quais s\u00e3o os benef\u00edcios que podem ser agregados \u00e0 sua empresa com esse tipo de contrata\u00e7\u00e3o.","breadcrumb":{"@id":"https:\/\/ravel.com.br\/blog\/terceirizacao-de-ti-vale-a-pena\/#breadcrumb"},"inLanguage":"pt-BR","potentialAction":[{"@type":"ReadAction","target":["https:\/\/ravel.com.br\/blog\/terceirizacao-de-ti-vale-a-pena\/"]}]},{"@type":"ImageObject","inLanguage":"pt-BR","@id":"https:\/\/ravel.com.br\/blog\/terceirizacao-de-ti-vale-a-pena\/#primaryimage","url":"https:\/\/ravel.com.br\/blog\/wp-content\/uploads\/2019\/09\/terceirizacao-de-ti.jpg","contentUrl":"https:\/\/ravel.com.br\/blog\/wp-content\/uploads\/2019\/09\/terceirizacao-de-ti.jpg","width":1280,"height":640,"caption":"group of brokers working together at the modern office space."},{"@type":"BreadcrumbList","@id":"https:\/\/ravel.com.br\/blog\/terceirizacao-de-ti-vale-a-pena\/#breadcrumb","itemListElement":[{"@type":"ListItem","position":1,"name":"In\u00edcio","item":"https:\/\/ravel.com.br\/blog\/"},{"@type":"ListItem","position":2,"name":"Terceiriza\u00e7\u00e3o de TI: Vale a pena?"}]},{"@type":"WebSite","@id":"https:\/\/ravel.com.br\/blog\/#website","url":"https:\/\/ravel.com.br\/blog\/","name":"Blog Tecnologia","description":"Dicas e Artigos sobre Tecnologia","potentialAction":[{"@type":"SearchAction","target":{"@type":"EntryPoint","urlTemplate":"https:\/\/ravel.com.br\/blog\/?s={search_term_string}"},"query-input":{"@type":"PropertyValueSpecification","valueRequired":true,"valueName":"search_term_string"}}],"inLanguage":"pt-BR"},{"@type":"Person","@id":"https:\/\/ravel.com.br\/blog\/#\/schema\/person\/5809fbed911cb14566b16220749d3dcc","name":"Nelson Corr\u00eaa Leite J\u00fanior","image":{"@type":"ImageObject","inLanguage":"pt-BR","@id":"https:\/\/ravel.com.br\/blog\/#\/schema\/person\/image\/","url":"https:\/\/secure.gravatar.com\/avatar\/4eeb3b5606c8a9b5aded280058cd2a1f?s=96&d=mm&r=g","contentUrl":"https:\/\/secure.gravatar.com\/avatar\/4eeb3b5606c8a9b5aded280058cd2a1f?s=96&d=mm&r=g","caption":"Nelson Corr\u00eaa Leite J\u00fanior"},"description":"Empres\u00e1rio desde 1997, onde \u00e9 Co-founder da Ravel Tecnologia, atuando como CEO na coordena\u00e7\u00e3o, gest\u00e3o da lideran\u00e7a e desenvolvimento estrat\u00e9gico. Especializado em Seguran\u00e7a da Informa\u00e7\u00e3o e solu\u00e7\u00f5es em nuvem. S\u00f3cio da ag\u00eancia de Marketing Digital Incandescente, com atua\u00e7\u00e3o na gest\u00e3o administrativa, financeira e estrat\u00e9gica. Busca por evoluir o uso da tecnologia aplicada aos neg\u00f3cios e as pessoas, buscando uma vis\u00e3o sist\u00eamica para fomentar e potencializar a inova\u00e7\u00e3o e crescimento. Pai de 2 lindos filhos e apreciador de uma boa cerveja.","sameAs":["http:\/\/ravel.com.br","https:\/\/www.facebook.com\/raveltecnologia\/","https:\/\/www.linkedin.com\/in\/nelson-corr\u00eaa-leite-j\u00fanior-337631160\/"],"url":"https:\/\/ravel.com.br\/blog\/author\/nelson\/"}]}},"_links":{"self":[{"href":"https:\/\/ravel.com.br\/blog\/wp-json\/wp\/v2\/posts\/676","targetHints":{"allow":["GET"]}}],"collection":[{"href":"https:\/\/ravel.com.br\/blog\/wp-json\/wp\/v2\/posts"}],"about":[{"href":"https:\/\/ravel.com.br\/blog\/wp-json\/wp\/v2\/types\/post"}],"author":[{"embeddable":true,"href":"https:\/\/ravel.com.br\/blog\/wp-json\/wp\/v2\/users\/7"}],"replies":[{"embeddable":true,"href":"https:\/\/ravel.com.br\/blog\/wp-json\/wp\/v2\/comments?post=676"}],"version-history":[{"count":10,"href":"https:\/\/ravel.com.br\/blog\/wp-json\/wp\/v2\/posts\/676\/revisions"}],"predecessor-version":[{"id":4953,"href":"https:\/\/ravel.com.br\/blog\/wp-json\/wp\/v2\/posts\/676\/revisions\/4953"}],"wp:featuredmedia":[{"embeddable":true,"href":"https:\/\/ravel.com.br\/blog\/wp-json\/wp\/v2\/media\/4469"}],"wp:attachment":[{"href":"https:\/\/ravel.com.br\/blog\/wp-json\/wp\/v2\/media?parent=676"}],"wp:term":[{"taxonomy":"category","embeddable":true,"href":"https:\/\/ravel.com.br\/blog\/wp-json\/wp\/v2\/categories?post=676"},{"taxonomy":"post_tag","embeddable":true,"href":"https:\/\/ravel.com.br\/blog\/wp-json\/wp\/v2\/tags?post=676"}],"curies":[{"name":"wp","href":"https:\/\/api.w.org\/{rel}","templated":true}]}}