{"id":6820,"date":"2026-09-02T14:40:18","date_gmt":"2026-09-02T17:40:18","guid":{"rendered":"https:\/\/ravel.com.br\/blog\/?p=6820"},"modified":"2026-09-03T11:10:03","modified_gmt":"2026-09-03T14:10:03","slug":"windows-11-home-x-pro-nas-empresa","status":"publish","type":"post","link":"https:\/\/ravel.com.br\/blog\/windows-11-home-x-pro-nas-empresa\/","title":{"rendered":"Windows 11 Home x Pro nas empresas"},"content":{"rendered":"\n<p>Muitas empresas compram computadores pensando apenas em <strong>pre\u00e7o, configura\u00e7\u00e3o e desempenho<\/strong>. Mas existe um detalhe que frequentemente passa despercebido: <strong>qual edi\u00e7\u00e3o do Windows est\u00e1 instalada?<\/strong><\/p>\n\n\n\n<p>Para uso dom\u00e9stico, o Windows 11 Home pode atender perfeitamente. Por\u00e9m, quando falamos de <strong>ambiente corporativo<\/strong>, a realidade \u00e9 diferente.<\/p>\n\n\n\n<h2 class=\"wp-block-heading\"><strong>Windows 11 Home x Windows 11 Pro<\/strong><\/h2>\n\n\n\n<p>O Windows 11 Pro oferece recursos importantes para empresas, como:<\/p>\n\n\n\n<p>&#x2705; Integra\u00e7\u00e3o com ambientes corporativos<br>&#x2705; Microsoft Entra ID e recursos de gerenciamento<br>&#x2705; Participa\u00e7\u00e3o em dom\u00ednio<br>&#x2705; Pol\u00edticas de seguran\u00e7a e administra\u00e7\u00e3o<br>&#x2705; Recursos avan\u00e7ados de prote\u00e7\u00e3o de dados<br>&#x2705; BitLocker, em cen\u00e1rios compat\u00edveis<br>&#x2705; Maior controle sobre dispositivos corporativos<\/p>\n\n\n\n<p>Em pequenas empresas, esses recursos j\u00e1 podem fazer diferen\u00e7a.<\/p>\n\n\n\n<p>Em m\u00e9dias e grandes empresas, <strong>seguran\u00e7a, padroniza\u00e7\u00e3o e gerenciamento centralizado deixam de ser um diferencial e passam a ser uma necessidade.<\/strong><\/p>\n\n\n\n<hr class=\"wp-block-separator has-alpha-channel-opacity\"\/>\n\n\n\n<h2 class=\"wp-block-heading\"><strong>E quando a empresa utiliza Windows Home?<\/strong><\/h2>\n\n\n\n<p>O problema n\u00e3o \u00e9 simplesmente &#8220;o Windows est\u00e1 ativado&#8221;.<\/p>\n\n\n\n<p>Uma empresa precisa avaliar se possui <strong>o direito de uso adequado da licen\u00e7a<\/strong>, qual \u00e9 a origem do software e se consegue comprovar sua aquisi\u00e7\u00e3o.<\/p>\n\n\n\n<p>Em uma eventual verifica\u00e7\u00e3o de conformidade de licenciamento, n\u00e3o basta apresentar um computador com Windows ativado.<\/p>\n\n\n\n<p>\u00c9 importante ter documenta\u00e7\u00e3o e evid\u00eancias da aquisi\u00e7\u00e3o e do licenciamento.<\/p>\n\n\n\n<p>Isso pode envolver:<\/p>\n\n\n\n<p>&#x1f4c4; Nota fiscal<br>&#x1f4c4; Tipo de licen\u00e7a<br>&#x1f4c4; Origem da licen\u00e7a<br>&#x1f4c4; Documenta\u00e7\u00e3o de aquisi\u00e7\u00e3o<br>&#x1f4c4; Controle dos equipamentos<br>&#x1f4c4; Contratos de licenciamento, quando aplic\u00e1vel<\/p>\n\n\n\n<hr class=\"wp-block-separator has-alpha-channel-opacity\"\/>\n\n\n\n<p>Uma licen\u00e7a adquirida de forma inadequada pode gerar a necessidade de <strong>regulariza\u00e7\u00e3o posterior<\/strong>, trazendo custos e riscos que poderiam ser evitados.<\/p>\n\n\n\n<figure class=\"wp-block-image size-large\"><img loading=\"lazy\" decoding=\"async\" width=\"1024\" height=\"209\" src=\"https:\/\/ravel.com.br\/blog\/wp-content\/uploads\/2026\/09\/Windows-11-Home-ou-Pro-Banner-1-1024x209.jpg\" alt=\"\" class=\"wp-image-6828\" srcset=\"https:\/\/ravel.com.br\/blog\/wp-content\/uploads\/2026\/09\/Windows-11-Home-ou-Pro-Banner-1-1024x209.jpg 1024w, https:\/\/ravel.com.br\/blog\/wp-content\/uploads\/2026\/09\/Windows-11-Home-ou-Pro-Banner-1-300x61.jpg 300w, https:\/\/ravel.com.br\/blog\/wp-content\/uploads\/2026\/09\/Windows-11-Home-ou-Pro-Banner-1-768x157.jpg 768w, https:\/\/ravel.com.br\/blog\/wp-content\/uploads\/2026\/09\/Windows-11-Home-ou-Pro-Banner-1-610x124.jpg 610w, https:\/\/ravel.com.br\/blog\/wp-content\/uploads\/2026\/09\/Windows-11-Home-ou-Pro-Banner-1-1080x220.jpg 1080w, https:\/\/ravel.com.br\/blog\/wp-content\/uploads\/2026\/09\/Windows-11-Home-ou-Pro-Banner-1.jpg 1369w\" sizes=\"(max-width: 1024px) 100vw, 1024px\" \/><\/figure>\n\n\n\n<p class=\"has-text-align-center\"><strong> Cuidado com a &#8220;licen\u00e7a barata&#8221;<\/strong><\/p>\n\n\n\n<p>Encontrar uma chave de Windows por um valor muito abaixo do mercado pode parecer uma excelente oportunidade.<\/p>\n\n\n\n<p>Mas a pergunta correta n\u00e3o deveria ser: <strong>&#8220;Quanto custa a chave?&#8221;<\/strong><\/p>\n\n\n\n<p>E sim: <strong>&#8220;Essa licen\u00e7a \u00e9 adequada para minha empresa e consigo comprovar o direito de uso?&#8221;<\/strong><\/p>\n\n\n\n<p>Ativa\u00e7\u00e3o n\u00e3o deve ser confundida com conformidade de licenciamento.<\/p>\n\n\n\n<p>Por isso, empresas devem priorizar a aquisi\u00e7\u00e3o por meio de <strong>canais oficiais e revendas autorizadas Microsoft<\/strong>, garantindo maior seguran\u00e7a na contrata\u00e7\u00e3o e documenta\u00e7\u00e3o da aquisi\u00e7\u00e3o.<\/p>\n\n\n\n<hr class=\"wp-block-separator has-alpha-channel-opacity\"\/>\n\n\n\n<h2 class=\"wp-block-heading\"><strong>Pequena, m\u00e9dia ou grande empresa: qual Windows escolher?<\/strong><\/h2>\n\n\n\n<p>&#x1f539; <strong>Pequenas empresas:<\/strong> o Windows 11 Pro pode proporcionar maior seguran\u00e7a e capacidade de gerenciamento conforme a estrutura cresce.<\/p>\n\n\n\n<p>&#x1f539; <strong>M\u00e9dias empresas:<\/strong> o Pro pode facilitar a administra\u00e7\u00e3o dos equipamentos, pol\u00edticas de seguran\u00e7a e integra\u00e7\u00e3o com a infraestrutura corporativa.<\/p>\n\n\n\n<p>&#x1f539; <strong>Grandes empresas:<\/strong> al\u00e9m do Pro, vale avaliar solu\u00e7\u00f5es como Windows Enterprise e modelos de licenciamento corporativo adequados ao ambiente.<\/p>\n\n\n\n<p>N\u00e3o existe uma \u00fanica solu\u00e7\u00e3o para todas as empresas.<\/p>\n\n\n\n<p><strong>Existe a solu\u00e7\u00e3o adequada para cada cen\u00e1rio.<\/strong><\/p>\n\n\n\n<p><a href=\"https:\/\/ravel.com.br\/gestao-suporte-tecnico-de-ti\">Gest\u00e3o e Suporte de TI para Empresas | Ravel Tecnologia<\/a><\/p>\n\n\n\n<figure class=\"wp-block-image size-large\"><img loading=\"lazy\" decoding=\"async\" width=\"1024\" height=\"204\" src=\"https:\/\/ravel.com.br\/blog\/wp-content\/uploads\/2026\/09\/Windows-11-Home-ou-Pro-Banner-2-1024x204.jpg\" alt=\"Windows 11 Home x Pro\" class=\"wp-image-6829\" srcset=\"https:\/\/ravel.com.br\/blog\/wp-content\/uploads\/2026\/09\/Windows-11-Home-ou-Pro-Banner-2-1024x204.jpg 1024w, https:\/\/ravel.com.br\/blog\/wp-content\/uploads\/2026\/09\/Windows-11-Home-ou-Pro-Banner-2-300x60.jpg 300w, https:\/\/ravel.com.br\/blog\/wp-content\/uploads\/2026\/09\/Windows-11-Home-ou-Pro-Banner-2-768x153.jpg 768w, https:\/\/ravel.com.br\/blog\/wp-content\/uploads\/2026\/09\/Windows-11-Home-ou-Pro-Banner-2-610x121.jpg 610w, https:\/\/ravel.com.br\/blog\/wp-content\/uploads\/2026\/09\/Windows-11-Home-ou-Pro-Banner-2-1080x215.jpg 1080w, https:\/\/ravel.com.br\/blog\/wp-content\/uploads\/2026\/09\/Windows-11-Home-ou-Pro-Banner-2.jpg 1371w\" sizes=\"(max-width: 1024px) 100vw, 1024px\" \/><\/figure>\n\n\n\n<hr class=\"wp-block-separator has-alpha-channel-opacity\"\/>\n\n\n\n<h2 class=\"wp-block-heading\"><strong>Sua empresa sabe exatamente quais licen\u00e7as possui?<\/strong><\/h2>\n\n\n\n<p>Na <strong>Ravel Tecnologia<\/strong>, podemos ajudar sua empresa a avaliar o ambiente atual, identificar poss\u00edveis inconsist\u00eancias de licenciamento e orientar a aquisi\u00e7\u00e3o das solu\u00e7\u00f5es Microsoft mais adequadas para sua realidade.<\/p>\n\n\n\n<p>Nosso objetivo n\u00e3o \u00e9 simplesmente vender uma licen\u00e7a.<\/p>\n\n\n\n<p>\u00c9 ajudar sua empresa a ter <strong>mais seguran\u00e7a, controle, organiza\u00e7\u00e3o e tranquilidade na gest\u00e3o da tecnologia.<\/strong><\/p>\n\n\n\n<p><strong>Quer saber se os computadores da sua empresa est\u00e3o utilizando a edi\u00e7\u00e3o e o licenciamento adequados?<\/strong><\/p>\n\n\n\n<p>Entre em contato com a <strong>Ravel Tecnologia <\/strong>e solicite uma avalia\u00e7\u00e3o do seu ambiente.<\/p>\n\n\n\n<p><strong>Tecnologia bem gerenciada n\u00e3o \u00e9 custo. \u00c9 prote\u00e7\u00e3o para o seu neg\u00f3cio.<\/strong><\/p>\n\n\n\n<p><a href=\"https:\/\/ravel.com.br\/contato\">Ravel Tecnologia | Informa\u00e7\u00f5es de Contato | Estamos a disposi\u00e7\u00e3o<\/a><\/p>\n","protected":false},"excerpt":{"rendered":"<p>Windows 11 Home ou Pro? Entenda as diferen\u00e7as para empresas, os riscos de licenciamento inadequado e como garantir seguran\u00e7a e conformidade<\/p>\n","protected":false},"author":39,"featured_media":6824,"comment_status":"closed","ping_status":"open","sticky":false,"template":"","format":"standard","meta":{"_et_pb_use_builder":"","_et_pb_old_content":"","_et_gb_content_width":"","footnotes":""},"categories":[103,6],"tags":[],"class_list":["post-6820","post","type-post","status-publish","format-standard","has-post-thumbnail","hentry","category-gestao","category-tecnologia","et-has-post-format-content","et_post_format-et-post-format-standard"],"yoast_head":"<!-- This site is optimized with the Yoast SEO plugin v27.6 - https:\/\/yoast.com\/product\/yoast-seo-wordpress\/ -->\n<title>Windows 11 Home x Pro nas empresas - Blog - Ravel Tecnologia<\/title>\n<meta name=\"description\" content=\"Windows 11 Home ou Pro? Entenda as diferen\u00e7as para empresas, os riscos de licenciamento inadequado e como garantir seguran\u00e7a e conformidade\" \/>\n<meta name=\"robots\" content=\"index, follow, max-snippet:-1, max-image-preview:large, max-video-preview:-1\" \/>\n<link rel=\"canonical\" href=\"https:\/\/ravel.com.br\/blog\/windows-11-home-x-pro-nas-empresa\/\" \/>\n<meta property=\"og:locale\" content=\"pt_BR\" \/>\n<meta property=\"og:type\" content=\"article\" \/>\n<meta property=\"og:title\" content=\"Windows 11 Home x Pro nas empresas - Blog - Ravel Tecnologia\" \/>\n<meta property=\"og:description\" content=\"Windows 11 Home ou Pro? Entenda as diferen\u00e7as para empresas, os riscos de licenciamento inadequado e como garantir seguran\u00e7a e conformidade\" \/>\n<meta property=\"og:url\" content=\"https:\/\/ravel.com.br\/blog\/windows-11-home-x-pro-nas-empresa\/\" \/>\n<meta property=\"og:site_name\" content=\"Blog Tecnologia\" \/>\n<meta property=\"article:published_time\" content=\"2026-09-02T17:40:18+00:00\" \/>\n<meta property=\"article:modified_time\" content=\"2026-09-03T14:10:03+00:00\" \/>\n<meta property=\"og:image\" content=\"https:\/\/ravel.com.br\/blog\/wp-content\/uploads\/2026\/09\/Windows-11-Home-ou-Pro-Capa.jpg\" \/>\n\t<meta property=\"og:image:width\" content=\"1134\" \/>\n\t<meta property=\"og:image:height\" content=\"763\" \/>\n\t<meta property=\"og:image:type\" content=\"image\/jpeg\" \/>\n<meta name=\"author\" content=\"Cleberson da Silva Carvalho\" \/>\n<meta name=\"twitter:card\" content=\"summary_large_image\" \/>\n<meta name=\"twitter:label1\" content=\"Escrito por\" \/>\n\t<meta name=\"twitter:data1\" content=\"Cleberson da Silva Carvalho\" \/>\n\t<meta name=\"twitter:label2\" content=\"Est. tempo de leitura\" \/>\n\t<meta name=\"twitter:data2\" content=\"4 minutos\" \/>\n<script type=\"application\/ld+json\" class=\"yoast-schema-graph\">{\"@context\":\"https:\\\/\\\/schema.org\",\"@graph\":[{\"@type\":\"Article\",\"@id\":\"https:\\\/\\\/ravel.com.br\\\/blog\\\/windows-11-home-x-pro-nas-empresa\\\/#article\",\"isPartOf\":{\"@id\":\"https:\\\/\\\/ravel.com.br\\\/blog\\\/windows-11-home-x-pro-nas-empresa\\\/\"},\"author\":{\"name\":\"Cleberson da Silva Carvalho\",\"@id\":\"https:\\\/\\\/ravel.com.br\\\/blog\\\/#\\\/schema\\\/person\\\/88d55367ec64c56c793bc8d2310a334d\"},\"headline\":\"Windows 11 Home x Pro nas empresas\",\"datePublished\":\"2026-09-02T17:40:18+00:00\",\"dateModified\":\"2026-09-03T14:10:03+00:00\",\"mainEntityOfPage\":{\"@id\":\"https:\\\/\\\/ravel.com.br\\\/blog\\\/windows-11-home-x-pro-nas-empresa\\\/\"},\"wordCount\":618,\"image\":{\"@id\":\"https:\\\/\\\/ravel.com.br\\\/blog\\\/windows-11-home-x-pro-nas-empresa\\\/#primaryimage\"},\"thumbnailUrl\":\"https:\\\/\\\/ravel.com.br\\\/blog\\\/wp-content\\\/uploads\\\/2026\\\/09\\\/Windows-11-Home-ou-Pro-Capa.jpg\",\"articleSection\":[\"Gest\u00e3o\",\"Tecnologia\"],\"inLanguage\":\"pt-BR\"},{\"@type\":\"WebPage\",\"@id\":\"https:\\\/\\\/ravel.com.br\\\/blog\\\/windows-11-home-x-pro-nas-empresa\\\/\",\"url\":\"https:\\\/\\\/ravel.com.br\\\/blog\\\/windows-11-home-x-pro-nas-empresa\\\/\",\"name\":\"Windows 11 Home x Pro nas empresas - Blog - Ravel Tecnologia\",\"isPartOf\":{\"@id\":\"https:\\\/\\\/ravel.com.br\\\/blog\\\/#website\"},\"primaryImageOfPage\":{\"@id\":\"https:\\\/\\\/ravel.com.br\\\/blog\\\/windows-11-home-x-pro-nas-empresa\\\/#primaryimage\"},\"image\":{\"@id\":\"https:\\\/\\\/ravel.com.br\\\/blog\\\/windows-11-home-x-pro-nas-empresa\\\/#primaryimage\"},\"thumbnailUrl\":\"https:\\\/\\\/ravel.com.br\\\/blog\\\/wp-content\\\/uploads\\\/2026\\\/09\\\/Windows-11-Home-ou-Pro-Capa.jpg\",\"datePublished\":\"2026-09-02T17:40:18+00:00\",\"dateModified\":\"2026-09-03T14:10:03+00:00\",\"author\":{\"@id\":\"https:\\\/\\\/ravel.com.br\\\/blog\\\/#\\\/schema\\\/person\\\/88d55367ec64c56c793bc8d2310a334d\"},\"description\":\"Windows 11 Home ou Pro? Entenda as diferen\u00e7as para empresas, os riscos de licenciamento inadequado e como garantir seguran\u00e7a e conformidade\",\"breadcrumb\":{\"@id\":\"https:\\\/\\\/ravel.com.br\\\/blog\\\/windows-11-home-x-pro-nas-empresa\\\/#breadcrumb\"},\"inLanguage\":\"pt-BR\",\"potentialAction\":[{\"@type\":\"ReadAction\",\"target\":[\"https:\\\/\\\/ravel.com.br\\\/blog\\\/windows-11-home-x-pro-nas-empresa\\\/\"]}]},{\"@type\":\"ImageObject\",\"inLanguage\":\"pt-BR\",\"@id\":\"https:\\\/\\\/ravel.com.br\\\/blog\\\/windows-11-home-x-pro-nas-empresa\\\/#primaryimage\",\"url\":\"https:\\\/\\\/ravel.com.br\\\/blog\\\/wp-content\\\/uploads\\\/2026\\\/09\\\/Windows-11-Home-ou-Pro-Capa.jpg\",\"contentUrl\":\"https:\\\/\\\/ravel.com.br\\\/blog\\\/wp-content\\\/uploads\\\/2026\\\/09\\\/Windows-11-Home-ou-Pro-Capa.jpg\",\"width\":1134,\"height\":763},{\"@type\":\"BreadcrumbList\",\"@id\":\"https:\\\/\\\/ravel.com.br\\\/blog\\\/windows-11-home-x-pro-nas-empresa\\\/#breadcrumb\",\"itemListElement\":[{\"@type\":\"ListItem\",\"position\":1,\"name\":\"In\u00edcio\",\"item\":\"https:\\\/\\\/ravel.com.br\\\/blog\\\/\"},{\"@type\":\"ListItem\",\"position\":2,\"name\":\"Windows 11 Home x Pro nas empresas\"}]},{\"@type\":\"WebSite\",\"@id\":\"https:\\\/\\\/ravel.com.br\\\/blog\\\/#website\",\"url\":\"https:\\\/\\\/ravel.com.br\\\/blog\\\/\",\"name\":\"Blog Tecnologia\",\"description\":\"Dicas e Artigos sobre Tecnologia\",\"potentialAction\":[{\"@type\":\"SearchAction\",\"target\":{\"@type\":\"EntryPoint\",\"urlTemplate\":\"https:\\\/\\\/ravel.com.br\\\/blog\\\/?s={search_term_string}\"},\"query-input\":{\"@type\":\"PropertyValueSpecification\",\"valueRequired\":true,\"valueName\":\"search_term_string\"}}],\"inLanguage\":\"pt-BR\"},{\"@type\":\"Person\",\"@id\":\"https:\\\/\\\/ravel.com.br\\\/blog\\\/#\\\/schema\\\/person\\\/88d55367ec64c56c793bc8d2310a334d\",\"name\":\"Cleberson da Silva Carvalho\",\"image\":{\"@type\":\"ImageObject\",\"inLanguage\":\"pt-BR\",\"@id\":\"https:\\\/\\\/secure.gravatar.com\\\/avatar\\\/43063ade0f4f923d7164e1a29ed192bd9ca3d6eec2688cd09229dc1856aa2a43?s=96&d=mm&r=g\",\"url\":\"https:\\\/\\\/secure.gravatar.com\\\/avatar\\\/43063ade0f4f923d7164e1a29ed192bd9ca3d6eec2688cd09229dc1856aa2a43?s=96&d=mm&r=g\",\"contentUrl\":\"https:\\\/\\\/secure.gravatar.com\\\/avatar\\\/43063ade0f4f923d7164e1a29ed192bd9ca3d6eec2688cd09229dc1856aa2a43?s=96&d=mm&r=g\",\"caption\":\"Cleberson da Silva Carvalho\"},\"description\":\"Sou CSM (Customer Success Manager) da Ravel Tecnologia, casado e pai de tr\u00eas meninas (duas s\u00e3o g\u00eameas). Tenho conhecimento t\u00e9cnico em v\u00e1rios segmentos de solu\u00e7\u00f5es em tecnologia, estudando atualmente Energias Renov\u00e1veis no IFSP em Presidente Epit\u00e1cio, meu hobby e jogar futebol e torcedor do time Corinthians, comida predileta churrasco e aos finais de semana curto com a fam\u00edlia a Prainha da Orla do Rio Paran\u00e1.\",\"url\":\"https:\\\/\\\/ravel.com.br\\\/blog\\\/author\\\/cleberson-carvalho\\\/\"}]}<\/script>\n<!-- \/ Yoast SEO plugin. -->","yoast_head_json":{"title":"Windows 11 Home x Pro nas empresas - Blog - Ravel Tecnologia","description":"Windows 11 Home ou Pro? Entenda as diferen\u00e7as para empresas, os riscos de licenciamento inadequado e como garantir seguran\u00e7a e conformidade","robots":{"index":"index","follow":"follow","max-snippet":"max-snippet:-1","max-image-preview":"max-image-preview:large","max-video-preview":"max-video-preview:-1"},"canonical":"https:\/\/ravel.com.br\/blog\/windows-11-home-x-pro-nas-empresa\/","og_locale":"pt_BR","og_type":"article","og_title":"Windows 11 Home x Pro nas empresas - Blog - Ravel Tecnologia","og_description":"Windows 11 Home ou Pro? Entenda as diferen\u00e7as para empresas, os riscos de licenciamento inadequado e como garantir seguran\u00e7a e conformidade","og_url":"https:\/\/ravel.com.br\/blog\/windows-11-home-x-pro-nas-empresa\/","og_site_name":"Blog Tecnologia","article_published_time":"2026-09-02T17:40:18+00:00","article_modified_time":"2026-09-03T14:10:03+00:00","og_image":[{"width":1134,"height":763,"url":"https:\/\/ravel.com.br\/blog\/wp-content\/uploads\/2026\/09\/Windows-11-Home-ou-Pro-Capa.jpg","type":"image\/jpeg"}],"author":"Cleberson da Silva Carvalho","twitter_card":"summary_large_image","twitter_misc":{"Escrito por":"Cleberson da Silva Carvalho","Est. tempo de leitura":"4 minutos"},"schema":{"@context":"https:\/\/schema.org","@graph":[{"@type":"Article","@id":"https:\/\/ravel.com.br\/blog\/windows-11-home-x-pro-nas-empresa\/#article","isPartOf":{"@id":"https:\/\/ravel.com.br\/blog\/windows-11-home-x-pro-nas-empresa\/"},"author":{"name":"Cleberson da Silva Carvalho","@id":"https:\/\/ravel.com.br\/blog\/#\/schema\/person\/88d55367ec64c56c793bc8d2310a334d"},"headline":"Windows 11 Home x Pro nas empresas","datePublished":"2026-09-02T17:40:18+00:00","dateModified":"2026-09-03T14:10:03+00:00","mainEntityOfPage":{"@id":"https:\/\/ravel.com.br\/blog\/windows-11-home-x-pro-nas-empresa\/"},"wordCount":618,"image":{"@id":"https:\/\/ravel.com.br\/blog\/windows-11-home-x-pro-nas-empresa\/#primaryimage"},"thumbnailUrl":"https:\/\/ravel.com.br\/blog\/wp-content\/uploads\/2026\/09\/Windows-11-Home-ou-Pro-Capa.jpg","articleSection":["Gest\u00e3o","Tecnologia"],"inLanguage":"pt-BR"},{"@type":"WebPage","@id":"https:\/\/ravel.com.br\/blog\/windows-11-home-x-pro-nas-empresa\/","url":"https:\/\/ravel.com.br\/blog\/windows-11-home-x-pro-nas-empresa\/","name":"Windows 11 Home x Pro nas empresas - Blog - Ravel Tecnologia","isPartOf":{"@id":"https:\/\/ravel.com.br\/blog\/#website"},"primaryImageOfPage":{"@id":"https:\/\/ravel.com.br\/blog\/windows-11-home-x-pro-nas-empresa\/#primaryimage"},"image":{"@id":"https:\/\/ravel.com.br\/blog\/windows-11-home-x-pro-nas-empresa\/#primaryimage"},"thumbnailUrl":"https:\/\/ravel.com.br\/blog\/wp-content\/uploads\/2026\/09\/Windows-11-Home-ou-Pro-Capa.jpg","datePublished":"2026-09-02T17:40:18+00:00","dateModified":"2026-09-03T14:10:03+00:00","author":{"@id":"https:\/\/ravel.com.br\/blog\/#\/schema\/person\/88d55367ec64c56c793bc8d2310a334d"},"description":"Windows 11 Home ou Pro? Entenda as diferen\u00e7as para empresas, os riscos de licenciamento inadequado e como garantir seguran\u00e7a e conformidade","breadcrumb":{"@id":"https:\/\/ravel.com.br\/blog\/windows-11-home-x-pro-nas-empresa\/#breadcrumb"},"inLanguage":"pt-BR","potentialAction":[{"@type":"ReadAction","target":["https:\/\/ravel.com.br\/blog\/windows-11-home-x-pro-nas-empresa\/"]}]},{"@type":"ImageObject","inLanguage":"pt-BR","@id":"https:\/\/ravel.com.br\/blog\/windows-11-home-x-pro-nas-empresa\/#primaryimage","url":"https:\/\/ravel.com.br\/blog\/wp-content\/uploads\/2026\/09\/Windows-11-Home-ou-Pro-Capa.jpg","contentUrl":"https:\/\/ravel.com.br\/blog\/wp-content\/uploads\/2026\/09\/Windows-11-Home-ou-Pro-Capa.jpg","width":1134,"height":763},{"@type":"BreadcrumbList","@id":"https:\/\/ravel.com.br\/blog\/windows-11-home-x-pro-nas-empresa\/#breadcrumb","itemListElement":[{"@type":"ListItem","position":1,"name":"In\u00edcio","item":"https:\/\/ravel.com.br\/blog\/"},{"@type":"ListItem","position":2,"name":"Windows 11 Home x Pro nas empresas"}]},{"@type":"WebSite","@id":"https:\/\/ravel.com.br\/blog\/#website","url":"https:\/\/ravel.com.br\/blog\/","name":"Blog Tecnologia","description":"Dicas e Artigos sobre Tecnologia","potentialAction":[{"@type":"SearchAction","target":{"@type":"EntryPoint","urlTemplate":"https:\/\/ravel.com.br\/blog\/?s={search_term_string}"},"query-input":{"@type":"PropertyValueSpecification","valueRequired":true,"valueName":"search_term_string"}}],"inLanguage":"pt-BR"},{"@type":"Person","@id":"https:\/\/ravel.com.br\/blog\/#\/schema\/person\/88d55367ec64c56c793bc8d2310a334d","name":"Cleberson da Silva Carvalho","image":{"@type":"ImageObject","inLanguage":"pt-BR","@id":"https:\/\/secure.gravatar.com\/avatar\/43063ade0f4f923d7164e1a29ed192bd9ca3d6eec2688cd09229dc1856aa2a43?s=96&d=mm&r=g","url":"https:\/\/secure.gravatar.com\/avatar\/43063ade0f4f923d7164e1a29ed192bd9ca3d6eec2688cd09229dc1856aa2a43?s=96&d=mm&r=g","contentUrl":"https:\/\/secure.gravatar.com\/avatar\/43063ade0f4f923d7164e1a29ed192bd9ca3d6eec2688cd09229dc1856aa2a43?s=96&d=mm&r=g","caption":"Cleberson da Silva Carvalho"},"description":"Sou CSM (Customer Success Manager) da Ravel Tecnologia, casado e pai de tr\u00eas meninas (duas s\u00e3o g\u00eameas). Tenho conhecimento t\u00e9cnico em v\u00e1rios segmentos de solu\u00e7\u00f5es em tecnologia, estudando atualmente Energias Renov\u00e1veis no IFSP em Presidente Epit\u00e1cio, meu hobby e jogar futebol e torcedor do time Corinthians, comida predileta churrasco e aos finais de semana curto com a fam\u00edlia a Prainha da Orla do Rio Paran\u00e1.","url":"https:\/\/ravel.com.br\/blog\/author\/cleberson-carvalho\/"}]}},"_links":{"self":[{"href":"https:\/\/ravel.com.br\/blog\/wp-json\/wp\/v2\/posts\/6820","targetHints":{"allow":["GET"]}}],"collection":[{"href":"https:\/\/ravel.com.br\/blog\/wp-json\/wp\/v2\/posts"}],"about":[{"href":"https:\/\/ravel.com.br\/blog\/wp-json\/wp\/v2\/types\/post"}],"author":[{"embeddable":true,"href":"https:\/\/ravel.com.br\/blog\/wp-json\/wp\/v2\/users\/39"}],"replies":[{"embeddable":true,"href":"https:\/\/ravel.com.br\/blog\/wp-json\/wp\/v2\/comments?post=6820"}],"version-history":[{"count":5,"href":"https:\/\/ravel.com.br\/blog\/wp-json\/wp\/v2\/posts\/6820\/revisions"}],"predecessor-version":[{"id":6831,"href":"https:\/\/ravel.com.br\/blog\/wp-json\/wp\/v2\/posts\/6820\/revisions\/6831"}],"wp:featuredmedia":[{"embeddable":true,"href":"https:\/\/ravel.com.br\/blog\/wp-json\/wp\/v2\/media\/6824"}],"wp:attachment":[{"href":"https:\/\/ravel.com.br\/blog\/wp-json\/wp\/v2\/media?parent=6820"}],"wp:term":[{"taxonomy":"category","embeddable":true,"href":"https:\/\/ravel.com.br\/blog\/wp-json\/wp\/v2\/categories?post=6820"},{"taxonomy":"post_tag","embeddable":true,"href":"https:\/\/ravel.com.br\/blog\/wp-json\/wp\/v2\/tags?post=6820"}],"curies":[{"name":"wp","href":"https:\/\/api.w.org\/{rel}","templated":true}]}}