{"id":727,"date":"2019-10-22T15:01:24","date_gmt":"2019-10-22T18:01:24","guid":{"rendered":"https:\/\/ravel.com.br\/blog\/?p=727"},"modified":"2021-03-08T18:49:12","modified_gmt":"2021-03-08T21:49:12","slug":"o-que-e-o-wi-fi-6","status":"publish","type":"post","link":"https:\/\/ravel.com.br\/blog\/o-que-e-o-wi-fi-6\/","title":{"rendered":"O que \u00e9 o Wi-Fi 6?"},"content":{"rendered":"\n<p>O <strong>Wi-Fi 6<\/strong> ser\u00e1\na pr\u00f3xima gera\u00e7\u00e3o de rede sem fio. Ela proporcionar\u00e1 um salto gigantesco na\nvelocidade e agilidade gerais do Wi-Fi. <\/p>\n\n\n\n<p>Por aceitar mais dispositivos do que as redes atuais, ele tamb\u00e9m ajudar\u00e1 os clientes a maximizarem o desempenho da rede, possibilitando aplica\u00e7\u00f5es que exijam um tr\u00e1fego de dados mais robusto.<\/p>\n\n\n\n<h2 class=\"wp-block-heading\">O que as pessoas procuram no Wi-Fi?<\/h2>\n\n\n\n<p><strong>&#8211; Lat\u00eancia<\/strong>: Ou tempo de atraso nas redes Wi-Fi, que pode resultar\nem experi\u00eancias problem\u00e1ticas ao jogar e instabilidade em \u00e1udio e v\u00eddeo.<\/p>\n\n\n\n<p><strong>&#8211; Desempenho<\/strong>: Que interfere nos tempos de espera quando, por exemplo, voc\u00ea faz upload ou download de um filme ou de algum outro arquivo grande.<\/p>\n\n\n\n<p><strong>&#8211; Densidade:<\/strong> Ou o n\u00famero de dispositivos nas redes. Quanto mais\ndispositivos, melhor precisar\u00e1 ser a rede.<\/p>\n\n\n\n<p><strong>&#8211; Seguran\u00e7a<\/strong>: Um aspecto cada vez mais importante. As pessoas necessitam dos mais recentes recursos de seguran\u00e7a para proteger suas redes e seus dados.<\/p>\n\n\n\n<p>Conhe\u00e7a mais sobre redes corporativas <a href=\"https:\/\/ravel.com.br\/wireless-corporativo\">aqui<\/a>. &nbsp;<\/p>\n\n\n\n<h2 class=\"wp-block-heading\">A evolu\u00e7\u00e3o<\/h2>\n\n\n\n<p>Nos \u00faltimos anos, foram implantadas\ndiversas vers\u00f5es do padr\u00e3o Wi-Fi, at\u00e9 chegar no <strong>Wi-Fi 6<\/strong>. Veja abaixo a\nevolu\u00e7\u00e3o durante o tempo, com seus respectivos c\u00f3digos (padr\u00f5es) e gera\u00e7\u00f5es.<\/p>\n\n\n\n<p>1999: 802.11b (Wi-Fi 1)<\/p>\n\n\n\n<p>1999: 802.11a (Wi-Fi 2)<\/p>\n\n\n\n<p>2003: 802.11g (Wi-Fi 3)<\/p>\n\n\n\n<p>2007: 802.11abgn (Wi-Fi 4) <\/p>\n\n\n\n<p>2013: 802.11ac (Wi-Fi 5) <\/p>\n\n\n\n<p><strong>2019: 802.11ax (Wi-Fi 6) <\/strong><\/p>\n\n\n\n<p>Como percebemos,\nocorreu uma mudan\u00e7a nos nomes do padr\u00e3o Wi-Fi. Um nome de gera\u00e7\u00e3o muito mais\nsimples foi agregado \u00e0 complicada conven\u00e7\u00e3o de nomenclatura 802.11. <\/p>\n\n\n\n<p>Agora, em vez de falar sobre os recursos da \u201c802.11ac comparados aos da 802.11ax\u201d, basta mencionar \u201cWi-Fi 5 vs <strong>Wi-Fi 6<\/strong>\u201d. <\/p>\n\n\n\n<h2 class=\"wp-block-heading\">Maior dura\u00e7\u00e3o da bateria com o Wi-Fi 6<\/h2>\n\n\n\n<p>Um novo recurso &#8221; Target Wake Time &#8221; (TWT)\nsignifica que seu smartphone, laptop e outros dispositivos habilitados para <strong>Wi-Fi\n6<\/strong> tamb\u00e9m devem ter uma vida \u00fatil mais longa da bateria.<\/p>\n\n\n\n<p>Quando o ponto de acesso est\u00e1 se comunicando com um dispositivo (como o seu smartphone), ele pode dizer ao dispositivo exatamente quando colocar o sinal Wi-Fi em suspens\u00e3o e quando ativ\u00e1-lo para receber a pr\u00f3xima transmiss\u00e3o. <\/p>\n\n\n\n<p>Isso economizar\u00e1 energia, pois significa que o sinal Wi-Fi pode passar mais tempo no modo de suspens\u00e3o. E isso resulta em uma maior dura\u00e7\u00e3o da bateria.<\/p>\n\n\n\n<div style=\"height:30px\" aria-hidden=\"true\" class=\"wp-block-spacer\"><\/div>\n\n\n\n<figure class=\"wp-block-image size-full\"><img loading=\"lazy\" decoding=\"async\" width=\"858\" height=\"112\" src=\"https:\/\/ravel.com.br\/blog\/wp-content\/uploads\/2023\/07\/banner-blog-ravel.png\" alt=\"\" class=\"wp-image-4960\" srcset=\"https:\/\/ravel.com.br\/blog\/wp-content\/uploads\/2023\/07\/banner-blog-ravel.png 858w, https:\/\/ravel.com.br\/blog\/wp-content\/uploads\/2023\/07\/banner-blog-ravel-300x39.png 300w, https:\/\/ravel.com.br\/blog\/wp-content\/uploads\/2023\/07\/banner-blog-ravel-768x100.png 768w, https:\/\/ravel.com.br\/blog\/wp-content\/uploads\/2023\/07\/banner-blog-ravel-610x80.png 610w\" sizes=\"(max-width: 858px) 100vw, 858px\" \/><\/figure>\n\n\n\n<h2 class=\"wp-block-heading\">Altas demandas<\/h2>\n\n\n\n<p>Tecnologias\nemergentes como IoT, v\u00eddeos 4K \/ 8K HD e Realidade Aumentada (AR) \/ Realidade\nVirtual (VR) imp\u00f5em requisitos de alta largura de banda e baixa lat\u00eancia para\nredes Wi-Fi. <\/p>\n\n\n\n<p>Al\u00e9m disso, o n\u00famero de terminais de acesso (incluindo terminais IoT) nos cen\u00e1rios de escrit\u00f3rio e de neg\u00f3cios cresce exponencialmente. Os padr\u00f5es e produtos Wi-Fi existentes est\u00e3o enfrentando grandes desafios para dimensionar a capacidade da rede e a largura de banda para atender essas demandas crescentes.<\/p>\n\n\n\n<p>Como sempre, o \u00faltimo padr\u00e3o\nWi-Fi oferece velocidades mais r\u00e1pidas de transfer\u00eancia de dados. Como\ncompara\u00e7\u00e3o, se voc\u00ea estiver usando um \u00fanico roteador Wi-Fi, a velocidade\npotencial m\u00e1xima dever\u00e1 ser 40% maior com o <strong>Wi-Fi 6<\/strong> em compara\u00e7\u00e3o ao\nWi-Fi 5.<\/p>\n\n\n\n<p>O <strong>Wi-Fi 6<\/strong> realiza isso por meio de\ncodifica\u00e7\u00e3o de dados mais eficiente, resultando em maior rendimento.\nPrincipalmente, porque os dados s\u00e3o compactados nas mesmas ondas de r\u00e1dio. Os\nchips que codificam e decodificam esses sinais ficam cada vez mais poderosos e\npodem lidar com o trabalho extra.<\/p>\n\n\n\n<p>Ele proporciona um desempenho incr\u00edvel,\ninclusive em ambientes densos e hiperconectados. A Intel anunciou que ele\nmelhorar\u00e1 a velocidade m\u00e9dia de cada usu\u00e1rio &#8220;pelo menos em 4x&#8221; em\n\u00e1reas congestionadas com muitos dispositivos conectados.<\/p>\n\n\n\n<p><em>Leia tamb\u00e9m: <a href=\"https:\/\/ravel.com.br\/blog\/fim-do-suporte-ao-windows-7\/\" target=\"_blank\" rel=\"noreferrer noopener\" aria-label=\"Fim do suporte ao Windows 7 (abre numa nova aba)\">Fim do suporte ao Windows 7<\/a><\/em><\/p>\n\n\n\n<h2 class=\"wp-block-heading\">Mais melhorias com o Wi-Fi 6<\/h2>\n\n\n\n<p>O novo padr\u00e3o tamb\u00e9m melhorou o MIMO &#8211; Entrada m\u00faltipla \/ Sa\u00edda m\u00faltipla. Isso envolve v\u00e1rias antenas, que permitem que o ponto de acesso fale com diversos dispositivos ao mesmo tempo. <\/p>\n\n\n\n<p>Com o Wi-Fi 5, o\nponto de acesso pode conversar com dispositivos ao mesmo tempo, mas esses\ndispositivos n\u00e3o podem responder ao mesmo tempo. O <strong>Wi-Fi 6<\/strong> possui uma\nvers\u00e3o aprimorada do MU-MIMO &#8211; (Multiusu\u00e1rio, Entrada M\u00faltipla, Sa\u00edda M\u00faltipla)\nque permite que os dispositivos respondam ao ponto de acesso sem fio ao mesmo\ntempo.<\/p>\n\n\n\n<p>Como sempre, o remetente e o destinat\u00e1rio precisam oferecer suporte \u00e0 \u00faltima gera\u00e7\u00e3o de Wi-Fi para que voc\u00ea tenha vantagens. Em outras palavras, se voc\u00ea quiser o desempenho do <strong>Wi-Fi 6 <\/strong>no telefone, precisar\u00e1 de um roteador sem fio (ponto de acesso) e de um smartphone compat\u00edvel com este padr\u00e3o. Se voc\u00ea conectar um notebook compat\u00edvel apenas com Wi-Fi 5 ao seu roteador Wi-Fi 6, essa conex\u00e3o espec\u00edfica funcionar\u00e1 no modo mais antigo. Mas seu roteador ainda pode usar o <strong>Wi-Fi 6<\/strong> com seu telefone ao mesmo tempo.<\/p>\n\n\n\n<p>A expectativa \u00e9 que os primeiros equipamentos com <strong>Wi-Fi 6<\/strong> sejam certificados no final de 2019. Mas, claro, o padr\u00e3o s\u00f3 deve se tornar popular mais para frente. <\/p>\n\n\n\n<div style=\"height:30px\" aria-hidden=\"true\" class=\"wp-block-spacer\"><\/div>\n\n\n\n<figure class=\"wp-block-image\"><a href=\"https:\/\/ravel.com.br\/contato\" target=\"_blank\" rel=\"noreferrer noopener\"><img loading=\"lazy\" decoding=\"async\" width=\"1024\" height=\"133\" src=\"https:\/\/ravel.com.br\/blog\/wp-content\/uploads\/2019\/11\/CTA1-1024x133.png\" alt=\"\" class=\"wp-image-806\" srcset=\"https:\/\/ravel.com.br\/blog\/wp-content\/uploads\/2019\/11\/CTA1-1024x133.png 1024w, https:\/\/ravel.com.br\/blog\/wp-content\/uploads\/2019\/11\/CTA1-300x39.png 300w, https:\/\/ravel.com.br\/blog\/wp-content\/uploads\/2019\/11\/CTA1-768x100.png 768w, https:\/\/ravel.com.br\/blog\/wp-content\/uploads\/2019\/11\/CTA1-610x79.png 610w, https:\/\/ravel.com.br\/blog\/wp-content\/uploads\/2019\/11\/CTA1-1080x140.png 1080w\" sizes=\"(max-width: 1024px) 100vw, 1024px\" \/><\/a><\/figure>\n","protected":false},"excerpt":{"rendered":"<p>Conhe\u00e7a mais sobre o Wi-Fi 6, a nova gera\u00e7\u00e3o de redes sem fio e quais os benef\u00edcios que ela trar\u00e1. <\/p>\n","protected":false},"author":8,"featured_media":729,"comment_status":"open","ping_status":"open","sticky":false,"template":"","format":"standard","meta":{"_et_pb_use_builder":"off","_et_pb_old_content":"","_et_gb_content_width":"","footnotes":""},"categories":[6],"tags":[],"class_list":["post-727","post","type-post","status-publish","format-standard","has-post-thumbnail","hentry","category-tecnologia","et-has-post-format-content","et_post_format-et-post-format-standard"],"yoast_head":"<!-- This site is optimized with the Yoast SEO plugin v24.1 - https:\/\/yoast.com\/wordpress\/plugins\/seo\/ -->\n<title>O que \u00e9 o Wi-Fi 6? - Blog Tecnologia - Ravel Tecnologia<\/title>\n<meta name=\"description\" content=\"Wi-fi 6: Veja os benef\u00edcios que esta nova gera\u00e7\u00e3o de rede sem fio trar\u00e1, em especial em termos de velocidade e agilidade geral com o Wi-Fi.\" \/>\n<meta name=\"robots\" content=\"index, follow, max-snippet:-1, max-image-preview:large, max-video-preview:-1\" \/>\n<link rel=\"canonical\" href=\"https:\/\/ravel.com.br\/blog\/o-que-e-o-wi-fi-6\/\" \/>\n<meta property=\"og:locale\" content=\"pt_BR\" \/>\n<meta property=\"og:type\" content=\"article\" \/>\n<meta property=\"og:title\" content=\"O que \u00e9 o Wi-Fi 6? - Blog Tecnologia - Ravel Tecnologia\" \/>\n<meta property=\"og:description\" content=\"Wi-fi 6: Veja os benef\u00edcios que esta nova gera\u00e7\u00e3o de rede sem fio trar\u00e1, em especial em termos de velocidade e agilidade geral com o Wi-Fi.\" \/>\n<meta property=\"og:url\" content=\"https:\/\/ravel.com.br\/blog\/o-que-e-o-wi-fi-6\/\" \/>\n<meta property=\"og:site_name\" content=\"Blog Tecnologia\" \/>\n<meta property=\"article:author\" content=\"https:\/\/www.facebook.com\/rfacavalcanti\" \/>\n<meta property=\"article:published_time\" content=\"2019-10-22T18:01:24+00:00\" \/>\n<meta property=\"article:modified_time\" content=\"2021-03-08T21:49:12+00:00\" \/>\n<meta property=\"og:image\" content=\"https:\/\/ravel.com.br\/blog\/wp-content\/uploads\/2019\/10\/iStock-1131624342.jpg\" \/>\n\t<meta property=\"og:image:width\" content=\"1000\" \/>\n\t<meta property=\"og:image:height\" content=\"667\" \/>\n\t<meta property=\"og:image:type\" content=\"image\/jpeg\" \/>\n<meta name=\"author\" content=\"Rafael Cavalcanti\" \/>\n<meta name=\"twitter:card\" content=\"summary_large_image\" \/>\n<meta name=\"twitter:label1\" content=\"Escrito por\" \/>\n\t<meta name=\"twitter:data1\" content=\"Rafael Cavalcanti\" \/>\n\t<meta name=\"twitter:label2\" content=\"Est. tempo de leitura\" \/>\n\t<meta name=\"twitter:data2\" content=\"4 minutos\" \/>\n<script type=\"application\/ld+json\" class=\"yoast-schema-graph\">{\"@context\":\"https:\/\/schema.org\",\"@graph\":[{\"@type\":\"WebPage\",\"@id\":\"https:\/\/ravel.com.br\/blog\/o-que-e-o-wi-fi-6\/\",\"url\":\"https:\/\/ravel.com.br\/blog\/o-que-e-o-wi-fi-6\/\",\"name\":\"O que \u00e9 o Wi-Fi 6? - Blog Tecnologia - Ravel Tecnologia\",\"isPartOf\":{\"@id\":\"https:\/\/ravel.com.br\/blog\/#website\"},\"primaryImageOfPage\":{\"@id\":\"https:\/\/ravel.com.br\/blog\/o-que-e-o-wi-fi-6\/#primaryimage\"},\"image\":{\"@id\":\"https:\/\/ravel.com.br\/blog\/o-que-e-o-wi-fi-6\/#primaryimage\"},\"thumbnailUrl\":\"https:\/\/ravel.com.br\/blog\/wp-content\/uploads\/2019\/10\/iStock-1131624342.jpg\",\"datePublished\":\"2019-10-22T18:01:24+00:00\",\"dateModified\":\"2021-03-08T21:49:12+00:00\",\"author\":{\"@id\":\"https:\/\/ravel.com.br\/blog\/#\/schema\/person\/b7232fd8cbc733248be20397146351b5\"},\"description\":\"Wi-fi 6: Veja os benef\u00edcios que esta nova gera\u00e7\u00e3o de rede sem fio trar\u00e1, em especial em termos de velocidade e agilidade geral com o Wi-Fi.\",\"breadcrumb\":{\"@id\":\"https:\/\/ravel.com.br\/blog\/o-que-e-o-wi-fi-6\/#breadcrumb\"},\"inLanguage\":\"pt-BR\",\"potentialAction\":[{\"@type\":\"ReadAction\",\"target\":[\"https:\/\/ravel.com.br\/blog\/o-que-e-o-wi-fi-6\/\"]}]},{\"@type\":\"ImageObject\",\"inLanguage\":\"pt-BR\",\"@id\":\"https:\/\/ravel.com.br\/blog\/o-que-e-o-wi-fi-6\/#primaryimage\",\"url\":\"https:\/\/ravel.com.br\/blog\/wp-content\/uploads\/2019\/10\/iStock-1131624342.jpg\",\"contentUrl\":\"https:\/\/ravel.com.br\/blog\/wp-content\/uploads\/2019\/10\/iStock-1131624342.jpg\",\"width\":1000,\"height\":667,\"caption\":\"Wi-Fi 6\"},{\"@type\":\"BreadcrumbList\",\"@id\":\"https:\/\/ravel.com.br\/blog\/o-que-e-o-wi-fi-6\/#breadcrumb\",\"itemListElement\":[{\"@type\":\"ListItem\",\"position\":1,\"name\":\"In\u00edcio\",\"item\":\"https:\/\/ravel.com.br\/blog\/\"},{\"@type\":\"ListItem\",\"position\":2,\"name\":\"O que \u00e9 o Wi-Fi 6?\"}]},{\"@type\":\"WebSite\",\"@id\":\"https:\/\/ravel.com.br\/blog\/#website\",\"url\":\"https:\/\/ravel.com.br\/blog\/\",\"name\":\"Blog Tecnologia\",\"description\":\"Dicas e Artigos sobre Tecnologia\",\"potentialAction\":[{\"@type\":\"SearchAction\",\"target\":{\"@type\":\"EntryPoint\",\"urlTemplate\":\"https:\/\/ravel.com.br\/blog\/?s={search_term_string}\"},\"query-input\":{\"@type\":\"PropertyValueSpecification\",\"valueRequired\":true,\"valueName\":\"search_term_string\"}}],\"inLanguage\":\"pt-BR\"},{\"@type\":\"Person\",\"@id\":\"https:\/\/ravel.com.br\/blog\/#\/schema\/person\/b7232fd8cbc733248be20397146351b5\",\"name\":\"Rafael Cavalcanti\",\"image\":{\"@type\":\"ImageObject\",\"inLanguage\":\"pt-BR\",\"@id\":\"https:\/\/ravel.com.br\/blog\/#\/schema\/person\/image\/\",\"url\":\"https:\/\/secure.gravatar.com\/avatar\/105729ea3de7db06ea8b47d018bc8489?s=96&d=mm&r=g\",\"contentUrl\":\"https:\/\/secure.gravatar.com\/avatar\/105729ea3de7db06ea8b47d018bc8489?s=96&d=mm&r=g\",\"caption\":\"Rafael Cavalcanti\"},\"description\":\"T\u00e9cnico S\u00eanior, formado em Inform\u00e1tica para Neg\u00f3cios pela FATEC. Atua em projetos de melhoria cont\u00ednua para os clientes, proporcionando o pleno funcionamento da estrutura, al\u00e9m de ser especialista em servidores. \u00c9 entusiasta de tecnologia, hardware e games.\",\"sameAs\":[\"https:\/\/www.facebook.com\/rfacavalcanti\",\"www.linkedin.com\/in\/rafael-cavalcanti\"],\"url\":\"https:\/\/ravel.com.br\/blog\/author\/rafael-cavalcanti\/\"}]}<\/script>\n<!-- \/ Yoast SEO plugin. -->","yoast_head_json":{"title":"O que \u00e9 o Wi-Fi 6? - Blog Tecnologia - Ravel Tecnologia","description":"Wi-fi 6: Veja os benef\u00edcios que esta nova gera\u00e7\u00e3o de rede sem fio trar\u00e1, em especial em termos de velocidade e agilidade geral com o Wi-Fi.","robots":{"index":"index","follow":"follow","max-snippet":"max-snippet:-1","max-image-preview":"max-image-preview:large","max-video-preview":"max-video-preview:-1"},"canonical":"https:\/\/ravel.com.br\/blog\/o-que-e-o-wi-fi-6\/","og_locale":"pt_BR","og_type":"article","og_title":"O que \u00e9 o Wi-Fi 6? - Blog Tecnologia - Ravel Tecnologia","og_description":"Wi-fi 6: Veja os benef\u00edcios que esta nova gera\u00e7\u00e3o de rede sem fio trar\u00e1, em especial em termos de velocidade e agilidade geral com o Wi-Fi.","og_url":"https:\/\/ravel.com.br\/blog\/o-que-e-o-wi-fi-6\/","og_site_name":"Blog Tecnologia","article_author":"https:\/\/www.facebook.com\/rfacavalcanti","article_published_time":"2019-10-22T18:01:24+00:00","article_modified_time":"2021-03-08T21:49:12+00:00","og_image":[{"width":1000,"height":667,"url":"https:\/\/ravel.com.br\/blog\/wp-content\/uploads\/2019\/10\/iStock-1131624342.jpg","type":"image\/jpeg"}],"author":"Rafael Cavalcanti","twitter_card":"summary_large_image","twitter_misc":{"Escrito por":"Rafael Cavalcanti","Est. tempo de leitura":"4 minutos"},"schema":{"@context":"https:\/\/schema.org","@graph":[{"@type":"WebPage","@id":"https:\/\/ravel.com.br\/blog\/o-que-e-o-wi-fi-6\/","url":"https:\/\/ravel.com.br\/blog\/o-que-e-o-wi-fi-6\/","name":"O que \u00e9 o Wi-Fi 6? - Blog Tecnologia - Ravel Tecnologia","isPartOf":{"@id":"https:\/\/ravel.com.br\/blog\/#website"},"primaryImageOfPage":{"@id":"https:\/\/ravel.com.br\/blog\/o-que-e-o-wi-fi-6\/#primaryimage"},"image":{"@id":"https:\/\/ravel.com.br\/blog\/o-que-e-o-wi-fi-6\/#primaryimage"},"thumbnailUrl":"https:\/\/ravel.com.br\/blog\/wp-content\/uploads\/2019\/10\/iStock-1131624342.jpg","datePublished":"2019-10-22T18:01:24+00:00","dateModified":"2021-03-08T21:49:12+00:00","author":{"@id":"https:\/\/ravel.com.br\/blog\/#\/schema\/person\/b7232fd8cbc733248be20397146351b5"},"description":"Wi-fi 6: Veja os benef\u00edcios que esta nova gera\u00e7\u00e3o de rede sem fio trar\u00e1, em especial em termos de velocidade e agilidade geral com o Wi-Fi.","breadcrumb":{"@id":"https:\/\/ravel.com.br\/blog\/o-que-e-o-wi-fi-6\/#breadcrumb"},"inLanguage":"pt-BR","potentialAction":[{"@type":"ReadAction","target":["https:\/\/ravel.com.br\/blog\/o-que-e-o-wi-fi-6\/"]}]},{"@type":"ImageObject","inLanguage":"pt-BR","@id":"https:\/\/ravel.com.br\/blog\/o-que-e-o-wi-fi-6\/#primaryimage","url":"https:\/\/ravel.com.br\/blog\/wp-content\/uploads\/2019\/10\/iStock-1131624342.jpg","contentUrl":"https:\/\/ravel.com.br\/blog\/wp-content\/uploads\/2019\/10\/iStock-1131624342.jpg","width":1000,"height":667,"caption":"Wi-Fi 6"},{"@type":"BreadcrumbList","@id":"https:\/\/ravel.com.br\/blog\/o-que-e-o-wi-fi-6\/#breadcrumb","itemListElement":[{"@type":"ListItem","position":1,"name":"In\u00edcio","item":"https:\/\/ravel.com.br\/blog\/"},{"@type":"ListItem","position":2,"name":"O que \u00e9 o Wi-Fi 6?"}]},{"@type":"WebSite","@id":"https:\/\/ravel.com.br\/blog\/#website","url":"https:\/\/ravel.com.br\/blog\/","name":"Blog Tecnologia","description":"Dicas e Artigos sobre Tecnologia","potentialAction":[{"@type":"SearchAction","target":{"@type":"EntryPoint","urlTemplate":"https:\/\/ravel.com.br\/blog\/?s={search_term_string}"},"query-input":{"@type":"PropertyValueSpecification","valueRequired":true,"valueName":"search_term_string"}}],"inLanguage":"pt-BR"},{"@type":"Person","@id":"https:\/\/ravel.com.br\/blog\/#\/schema\/person\/b7232fd8cbc733248be20397146351b5","name":"Rafael Cavalcanti","image":{"@type":"ImageObject","inLanguage":"pt-BR","@id":"https:\/\/ravel.com.br\/blog\/#\/schema\/person\/image\/","url":"https:\/\/secure.gravatar.com\/avatar\/105729ea3de7db06ea8b47d018bc8489?s=96&d=mm&r=g","contentUrl":"https:\/\/secure.gravatar.com\/avatar\/105729ea3de7db06ea8b47d018bc8489?s=96&d=mm&r=g","caption":"Rafael Cavalcanti"},"description":"T\u00e9cnico S\u00eanior, formado em Inform\u00e1tica para Neg\u00f3cios pela FATEC. Atua em projetos de melhoria cont\u00ednua para os clientes, proporcionando o pleno funcionamento da estrutura, al\u00e9m de ser especialista em servidores. \u00c9 entusiasta de tecnologia, hardware e games.","sameAs":["https:\/\/www.facebook.com\/rfacavalcanti","www.linkedin.com\/in\/rafael-cavalcanti"],"url":"https:\/\/ravel.com.br\/blog\/author\/rafael-cavalcanti\/"}]}},"_links":{"self":[{"href":"https:\/\/ravel.com.br\/blog\/wp-json\/wp\/v2\/posts\/727","targetHints":{"allow":["GET"]}}],"collection":[{"href":"https:\/\/ravel.com.br\/blog\/wp-json\/wp\/v2\/posts"}],"about":[{"href":"https:\/\/ravel.com.br\/blog\/wp-json\/wp\/v2\/types\/post"}],"author":[{"embeddable":true,"href":"https:\/\/ravel.com.br\/blog\/wp-json\/wp\/v2\/users\/8"}],"replies":[{"embeddable":true,"href":"https:\/\/ravel.com.br\/blog\/wp-json\/wp\/v2\/comments?post=727"}],"version-history":[{"count":4,"href":"https:\/\/ravel.com.br\/blog\/wp-json\/wp\/v2\/posts\/727\/revisions"}],"predecessor-version":[{"id":2490,"href":"https:\/\/ravel.com.br\/blog\/wp-json\/wp\/v2\/posts\/727\/revisions\/2490"}],"wp:featuredmedia":[{"embeddable":true,"href":"https:\/\/ravel.com.br\/blog\/wp-json\/wp\/v2\/media\/729"}],"wp:attachment":[{"href":"https:\/\/ravel.com.br\/blog\/wp-json\/wp\/v2\/media?parent=727"}],"wp:term":[{"taxonomy":"category","embeddable":true,"href":"https:\/\/ravel.com.br\/blog\/wp-json\/wp\/v2\/categories?post=727"},{"taxonomy":"post_tag","embeddable":true,"href":"https:\/\/ravel.com.br\/blog\/wp-json\/wp\/v2\/tags?post=727"}],"curies":[{"name":"wp","href":"https:\/\/api.w.org\/{rel}","templated":true}]}}