{"id":745,"date":"2019-11-12T11:49:52","date_gmt":"2019-11-12T14:49:52","guid":{"rendered":"https:\/\/ravel.com.br\/blog\/?p=745"},"modified":"2021-06-06T10:50:37","modified_gmt":"2021-06-06T13:50:37","slug":"cuidados-ao-contratar-suporte-de-ti","status":"publish","type":"post","link":"https:\/\/ravel.com.br\/blog\/cuidados-ao-contratar-suporte-de-ti\/","title":{"rendered":"4 cuidados que a sua empresa precisa tomar ao contratar um suporte de TI"},"content":{"rendered":"\n<p>A terceiriza\u00e7\u00e3o do <strong>suporte de TI<\/strong> pode ser um \u00f3timo neg\u00f3cio para sua empresa. Por\u00e9m, \u00e9 importante tomar alguns cuidados para que a experi\u00eancia n\u00e3o seja traum\u00e1tica. Neste artigo vamos apresentar pontos relevantes para a melhor jornada desta implementa\u00e7\u00e3o.<\/p>\n\n\n\n<h2 class=\"wp-block-heading\">Refer\u00eancias <strong><\/strong><\/h2>\n\n\n\n<p>Notamos que verificar os clientes que j\u00e1 s\u00e3o atendidos pelo prov\u00e1vel parceiro de <strong>suporte de TI<\/strong> traz o ponto de vista de quem realmente utiliza o servi\u00e7o atualmente. Veja h\u00e1 quanto tempo existe rela\u00e7\u00e3o entre eles, assim como a satisfa\u00e7\u00e3o com o atendimento das diversas \u00e1reas da empresa: administrativa, t\u00e9cnica e comercial. <\/p>\n\n\n\n<p>Checar se a empresa participa de associa\u00e7\u00f5es ou grupos empresariais tamb\u00e9m ajuda a verificar um hist\u00f3rico de comprometimento. Veja mais sobre nossa rela\u00e7\u00e3o com a nossa regi\u00e3o <a href=\"https:\/\/ravel.com.br\/blog\/empresa-de-ti-no-abc\/\" target=\"_blank\" rel=\"noreferrer noopener\" aria-label=\" (abre numa nova aba)\" style=\"color:#71247f\">aqui<\/a>.  <\/p>\n\n\n\n<h2 class=\"wp-block-heading\">Estrutura para o suporte de TI<strong><\/strong><\/h2>\n\n\n\n<p>Ao entender que o <strong>suporte de TI <\/strong>atende a uma demanda que pode\nestar deixando uma parte ou at\u00e9 mesmo toda a empresa inoperante, buscar uma\nempresa estruturada pode fazer a diferen\u00e7a.<\/p>\n\n\n\n<p>Analise se existe uma equipe dedicada para responder ao primeiro atendimento. Al\u00e9m da disponibilidade, verifique se ela possui equipamentos e recursos para j\u00e1 prestar o suporte. <\/p>\n\n\n\n<figure class=\"wp-block-image\"><img loading=\"lazy\" decoding=\"async\" width=\"1024\" height=\"682\" src=\"https:\/\/ravel.com.br\/blog\/wp-content\/uploads\/2019\/11\/suporte-ti-1-1024x682.jpg\" alt=\"Suporte de TI\" class=\"wp-image-749\" srcset=\"https:\/\/ravel.com.br\/blog\/wp-content\/uploads\/2019\/11\/suporte-ti-1-1024x682.jpg 1024w, https:\/\/ravel.com.br\/blog\/wp-content\/uploads\/2019\/11\/suporte-ti-1-300x200.jpg 300w, https:\/\/ravel.com.br\/blog\/wp-content\/uploads\/2019\/11\/suporte-ti-1-768x512.jpg 768w, https:\/\/ravel.com.br\/blog\/wp-content\/uploads\/2019\/11\/suporte-ti-1-610x406.jpg 610w, https:\/\/ravel.com.br\/blog\/wp-content\/uploads\/2019\/11\/suporte-ti-1-1080x720.jpg 1080w, https:\/\/ravel.com.br\/blog\/wp-content\/uploads\/2019\/11\/suporte-ti-1.jpg 1600w\" sizes=\"(max-width: 1024px) 100vw, 1024px\" \/><\/figure>\n\n\n\n<p>Ou seja, o cen\u00e1rio ideal \u00e9 que voc\u00ea tenha canais de atendimento: telefone, mensagens de texto (WhatsApp por exemplo), emails ou portal, que recebam as solicita\u00e7\u00f5es e fa\u00e7am a tratativa da demanda. <\/p>\n\n\n\n<p>\u00c9 necess\u00e1rio, tamb\u00e9m, j\u00e1 realizar um acesso remoto para o atendimento. \u00c9 bom evitar precisar de uma ajuda e o t\u00e9cnico estar dirigindo ou em outra atividade que n\u00e3o possa atender com qualidade.<\/p>\n\n\n\n<div style=\"height:30px\" aria-hidden=\"true\" class=\"wp-block-spacer\"><\/div>\n\n\n\n<figure class=\"wp-block-image size-full\"><img loading=\"lazy\" decoding=\"async\" width=\"858\" height=\"112\" src=\"https:\/\/ravel.com.br\/blog\/wp-content\/uploads\/2023\/07\/banner-blog-ravel.png\" alt=\"\" class=\"wp-image-4960\" srcset=\"https:\/\/ravel.com.br\/blog\/wp-content\/uploads\/2023\/07\/banner-blog-ravel.png 858w, https:\/\/ravel.com.br\/blog\/wp-content\/uploads\/2023\/07\/banner-blog-ravel-300x39.png 300w, https:\/\/ravel.com.br\/blog\/wp-content\/uploads\/2023\/07\/banner-blog-ravel-768x100.png 768w, https:\/\/ravel.com.br\/blog\/wp-content\/uploads\/2023\/07\/banner-blog-ravel-610x80.png 610w\" sizes=\"(max-width: 858px) 100vw, 858px\" \/><\/figure>\n\n\n\n<h2 class=\"wp-block-heading\">Estrat\u00e9gia preventiva <strong><\/strong><\/h2>\n\n\n\n<p>Uma boa estrat\u00e9gia para minimizar paradas e problemas associados a\nelas \u00e9 implementar um planejamento preventivo dentro do escopo contratado no <strong>suporte\nde TI<\/strong>. Ou seja, melhor do que ter um suporte eficiente \u00e9 nem precisar dele,\naproveitando o m\u00e1ximo da produtividade dos seus equipamentos que estar\u00e3o quase\nsempre dispon\u00edveis. <\/p>\n\n\n\n<p>Para isto, \u00e9 poss\u00edvel e recomendado a instala\u00e7\u00e3o de ferramentas que\nv\u00e3o monitorar os sinais vitais dos equipamentos, aplicando periodicamente\nprocedimentos preventivos, al\u00e9m de automa\u00e7\u00f5es associadas a certos sintomas que\ntomar\u00e3o medidas corretivas. Isto diminuir\u00e1 o risco de paradas e\/ou mostrar\u00e1\nind\u00edcios que facilitar\u00e3o manuten\u00e7\u00f5es programas.<\/p>\n\n\n\n<p>Saiba mais sobre um olhar preventivo neste artigo:&nbsp;<a href=\"https:\/\/ravel.com.br\/blog\/manutencao-de-computadores-um-olhar-preventivo\/\" target=\"_blank\" rel=\"noreferrer noopener\" aria-label=\" (abre numa nova aba)\" style=\"color:#71247f\">Manuten\u00e7\u00e3o de computadores \u2013 Um olhar preventivo<\/a>. <\/p>\n\n\n\n<p>Esta estrat\u00e9gia preventiva para o <strong>suporte de TI<\/strong> tamb\u00e9m pode ser expandida para um olhar sobre novas tecnologias e recursos que trar\u00e3o mais efici\u00eancia para a empresa. Desta forma, ter um ciclo de atualiza\u00e7\u00e3o e aplica\u00e7\u00e3o de melhorias tamb\u00e9m tende a trazer mais produtividade ao parque tecnol\u00f3gico.<\/p>\n\n\n\n<h2 class=\"wp-block-heading\">Rela\u00e7\u00e3o contratual <strong><\/strong><\/h2>\n\n\n\n<p>Al\u00e9m dos pontos acima, \u00e9 importante que o contrato entre as partes\nseja o mais claro e completo poss\u00edvel. Ele precisa conter as regras e acordos\npreviamente feitos na negocia\u00e7\u00e3o comercial. Pois em caso de eventuais\ndiverg\u00eancias, ele \u00e9 o documento que ser\u00e1 verificado e usado para\nesclarecimentos.<\/p>\n\n\n\n<p>Alguns pontos adicionais para observar: sobre a confidencialidade das\ninforma\u00e7\u00f5es que ser\u00e3o acessadas, sobre o n\u00e3o v\u00ednculo empregat\u00edcio, prazos de\nrenova\u00e7\u00e3o e limita\u00e7\u00f5es.<\/p>\n\n\n\n<p>A Ravel disp\u00f5e do servi\u00e7o de <a aria-label=\"Gest\u00e3o de TI (abre numa nova aba)\" style=\"color:#71247f\" rel=\"noreferrer noopener\" href=\"https:\/\/ravel.com.br\/gestao-de-ti\" target=\"_blank\">Gest\u00e3o de TI<\/a>, onde fornece <strong>suporte de TI<\/strong> com foco em preven\u00e7\u00e3o, atendimento e melhorias para as empresas. <\/p>\n\n\n\n<div style=\"height:30px\" aria-hidden=\"true\" class=\"wp-block-spacer\"><\/div>\n\n\n\n<figure class=\"wp-block-image\"><a href=\"https:\/\/ravel.com.br\/contato\" target=\"_blank\" rel=\"noreferrer noopener\"><img loading=\"lazy\" decoding=\"async\" width=\"1024\" height=\"133\" src=\"https:\/\/ravel.com.br\/blog\/wp-content\/uploads\/2019\/11\/CTA1-1024x133.png\" alt=\"\" class=\"wp-image-806\" srcset=\"https:\/\/ravel.com.br\/blog\/wp-content\/uploads\/2019\/11\/CTA1-1024x133.png 1024w, https:\/\/ravel.com.br\/blog\/wp-content\/uploads\/2019\/11\/CTA1-300x39.png 300w, https:\/\/ravel.com.br\/blog\/wp-content\/uploads\/2019\/11\/CTA1-768x100.png 768w, https:\/\/ravel.com.br\/blog\/wp-content\/uploads\/2019\/11\/CTA1-610x79.png 610w, https:\/\/ravel.com.br\/blog\/wp-content\/uploads\/2019\/11\/CTA1-1080x140.png 1080w\" sizes=\"(max-width: 1024px) 100vw, 1024px\" \/><\/a><\/figure>\n","protected":false},"excerpt":{"rendered":"<p>A terceiriza\u00e7\u00e3o do suporte de TI pode ser um \u00f3timo neg\u00f3cio para sua empresa. Por\u00e9m, \u00e9 importante tomar alguns cuidados para que a experi\u00eancia n\u00e3o seja traum\u00e1tica. Neste artigo vamos apresentar pontos relevantes para a melhor jornada desta implementa\u00e7\u00e3o. Refer\u00eancias Notamos que verificar os clientes que j\u00e1 s\u00e3o atendidos pelo prov\u00e1vel parceiro de suporte de [&hellip;]<\/p>\n","protected":false},"author":7,"featured_media":748,"comment_status":"open","ping_status":"open","sticky":false,"template":"","format":"standard","meta":{"_et_pb_use_builder":"off","_et_pb_old_content":"","_et_gb_content_width":"","footnotes":""},"categories":[103,6],"tags":[],"class_list":["post-745","post","type-post","status-publish","format-standard","has-post-thumbnail","hentry","category-gestao","category-tecnologia","et-has-post-format-content","et_post_format-et-post-format-standard"],"yoast_head":"<!-- This site is optimized with the Yoast SEO plugin v24.1 - https:\/\/yoast.com\/wordpress\/plugins\/seo\/ -->\n<title>4 cuidados para tomar ao contratar um suporte de TI<\/title>\n<meta name=\"description\" content=\"Sua empresa est\u00e1 precisando de um suporte de TI especializado? N\u00f3s separamos algumas dicas para te ajudar nesse processo.\" \/>\n<meta name=\"robots\" content=\"index, follow, max-snippet:-1, max-image-preview:large, max-video-preview:-1\" \/>\n<link rel=\"canonical\" href=\"https:\/\/ravel.com.br\/blog\/cuidados-ao-contratar-suporte-de-ti\/\" \/>\n<meta property=\"og:locale\" content=\"pt_BR\" \/>\n<meta property=\"og:type\" content=\"article\" \/>\n<meta property=\"og:title\" content=\"4 cuidados para tomar ao contratar um suporte de TI\" \/>\n<meta property=\"og:description\" content=\"Sua empresa est\u00e1 precisando de um suporte de TI especializado? N\u00f3s separamos algumas dicas para te ajudar nesse processo.\" \/>\n<meta property=\"og:url\" content=\"https:\/\/ravel.com.br\/blog\/cuidados-ao-contratar-suporte-de-ti\/\" \/>\n<meta property=\"og:site_name\" content=\"Blog Tecnologia\" \/>\n<meta property=\"article:author\" content=\"https:\/\/www.facebook.com\/raveltecnologia\/\" \/>\n<meta property=\"article:published_time\" content=\"2019-11-12T14:49:52+00:00\" \/>\n<meta property=\"article:modified_time\" content=\"2021-06-06T13:50:37+00:00\" \/>\n<meta property=\"og:image\" content=\"https:\/\/ravel.com.br\/blog\/wp-content\/uploads\/2019\/11\/iStock-1061345628-Copia.jpg\" \/>\n\t<meta property=\"og:image:width\" content=\"1200\" \/>\n\t<meta property=\"og:image:height\" content=\"800\" \/>\n\t<meta property=\"og:image:type\" content=\"image\/jpeg\" \/>\n<meta name=\"author\" content=\"Nelson Corr\u00eaa Leite J\u00fanior\" \/>\n<meta name=\"twitter:card\" content=\"summary_large_image\" \/>\n<meta name=\"twitter:label1\" content=\"Escrito por\" \/>\n\t<meta name=\"twitter:data1\" content=\"Nelson Corr\u00eaa Leite J\u00fanior\" \/>\n\t<meta name=\"twitter:label2\" content=\"Est. tempo de leitura\" \/>\n\t<meta name=\"twitter:data2\" content=\"3 minutos\" \/>\n<script type=\"application\/ld+json\" class=\"yoast-schema-graph\">{\"@context\":\"https:\/\/schema.org\",\"@graph\":[{\"@type\":\"WebPage\",\"@id\":\"https:\/\/ravel.com.br\/blog\/cuidados-ao-contratar-suporte-de-ti\/\",\"url\":\"https:\/\/ravel.com.br\/blog\/cuidados-ao-contratar-suporte-de-ti\/\",\"name\":\"4 cuidados para tomar ao contratar um suporte de TI\",\"isPartOf\":{\"@id\":\"https:\/\/ravel.com.br\/blog\/#website\"},\"primaryImageOfPage\":{\"@id\":\"https:\/\/ravel.com.br\/blog\/cuidados-ao-contratar-suporte-de-ti\/#primaryimage\"},\"image\":{\"@id\":\"https:\/\/ravel.com.br\/blog\/cuidados-ao-contratar-suporte-de-ti\/#primaryimage\"},\"thumbnailUrl\":\"https:\/\/ravel.com.br\/blog\/wp-content\/uploads\/2019\/11\/iStock-1061345628-Copia.jpg\",\"datePublished\":\"2019-11-12T14:49:52+00:00\",\"dateModified\":\"2021-06-06T13:50:37+00:00\",\"author\":{\"@id\":\"https:\/\/ravel.com.br\/blog\/#\/schema\/person\/5809fbed911cb14566b16220749d3dcc\"},\"description\":\"Sua empresa est\u00e1 precisando de um suporte de TI especializado? N\u00f3s separamos algumas dicas para te ajudar nesse processo.\",\"breadcrumb\":{\"@id\":\"https:\/\/ravel.com.br\/blog\/cuidados-ao-contratar-suporte-de-ti\/#breadcrumb\"},\"inLanguage\":\"pt-BR\",\"potentialAction\":[{\"@type\":\"ReadAction\",\"target\":[\"https:\/\/ravel.com.br\/blog\/cuidados-ao-contratar-suporte-de-ti\/\"]}]},{\"@type\":\"ImageObject\",\"inLanguage\":\"pt-BR\",\"@id\":\"https:\/\/ravel.com.br\/blog\/cuidados-ao-contratar-suporte-de-ti\/#primaryimage\",\"url\":\"https:\/\/ravel.com.br\/blog\/wp-content\/uploads\/2019\/11\/iStock-1061345628-Copia.jpg\",\"contentUrl\":\"https:\/\/ravel.com.br\/blog\/wp-content\/uploads\/2019\/11\/iStock-1061345628-Copia.jpg\",\"width\":1200,\"height\":800,\"caption\":\"Suporte de TI\"},{\"@type\":\"BreadcrumbList\",\"@id\":\"https:\/\/ravel.com.br\/blog\/cuidados-ao-contratar-suporte-de-ti\/#breadcrumb\",\"itemListElement\":[{\"@type\":\"ListItem\",\"position\":1,\"name\":\"In\u00edcio\",\"item\":\"https:\/\/ravel.com.br\/blog\/\"},{\"@type\":\"ListItem\",\"position\":2,\"name\":\"4 cuidados que a sua empresa precisa tomar ao contratar um suporte de TI\"}]},{\"@type\":\"WebSite\",\"@id\":\"https:\/\/ravel.com.br\/blog\/#website\",\"url\":\"https:\/\/ravel.com.br\/blog\/\",\"name\":\"Blog Tecnologia\",\"description\":\"Dicas e Artigos sobre Tecnologia\",\"potentialAction\":[{\"@type\":\"SearchAction\",\"target\":{\"@type\":\"EntryPoint\",\"urlTemplate\":\"https:\/\/ravel.com.br\/blog\/?s={search_term_string}\"},\"query-input\":{\"@type\":\"PropertyValueSpecification\",\"valueRequired\":true,\"valueName\":\"search_term_string\"}}],\"inLanguage\":\"pt-BR\"},{\"@type\":\"Person\",\"@id\":\"https:\/\/ravel.com.br\/blog\/#\/schema\/person\/5809fbed911cb14566b16220749d3dcc\",\"name\":\"Nelson Corr\u00eaa Leite J\u00fanior\",\"image\":{\"@type\":\"ImageObject\",\"inLanguage\":\"pt-BR\",\"@id\":\"https:\/\/ravel.com.br\/blog\/#\/schema\/person\/image\/\",\"url\":\"https:\/\/secure.gravatar.com\/avatar\/4eeb3b5606c8a9b5aded280058cd2a1f?s=96&d=mm&r=g\",\"contentUrl\":\"https:\/\/secure.gravatar.com\/avatar\/4eeb3b5606c8a9b5aded280058cd2a1f?s=96&d=mm&r=g\",\"caption\":\"Nelson Corr\u00eaa Leite J\u00fanior\"},\"description\":\"Empres\u00e1rio desde 1997, onde \u00e9 Co-founder da Ravel Tecnologia, atuando como CEO na coordena\u00e7\u00e3o, gest\u00e3o da lideran\u00e7a e desenvolvimento estrat\u00e9gico. Especializado em Seguran\u00e7a da Informa\u00e7\u00e3o e solu\u00e7\u00f5es em nuvem. S\u00f3cio da ag\u00eancia de Marketing Digital Incandescente, com atua\u00e7\u00e3o na gest\u00e3o administrativa, financeira e estrat\u00e9gica. Busca por evoluir o uso da tecnologia aplicada aos neg\u00f3cios e as pessoas, buscando uma vis\u00e3o sist\u00eamica para fomentar e potencializar a inova\u00e7\u00e3o e crescimento. Pai de 2 lindos filhos e apreciador de uma boa cerveja.\",\"sameAs\":[\"http:\/\/ravel.com.br\",\"https:\/\/www.facebook.com\/raveltecnologia\/\",\"https:\/\/www.linkedin.com\/in\/nelson-corr\u00eaa-leite-j\u00fanior-337631160\/\"],\"url\":\"https:\/\/ravel.com.br\/blog\/author\/nelson\/\"}]}<\/script>\n<!-- \/ Yoast SEO plugin. -->","yoast_head_json":{"title":"4 cuidados para tomar ao contratar um suporte de TI","description":"Sua empresa est\u00e1 precisando de um suporte de TI especializado? N\u00f3s separamos algumas dicas para te ajudar nesse processo.","robots":{"index":"index","follow":"follow","max-snippet":"max-snippet:-1","max-image-preview":"max-image-preview:large","max-video-preview":"max-video-preview:-1"},"canonical":"https:\/\/ravel.com.br\/blog\/cuidados-ao-contratar-suporte-de-ti\/","og_locale":"pt_BR","og_type":"article","og_title":"4 cuidados para tomar ao contratar um suporte de TI","og_description":"Sua empresa est\u00e1 precisando de um suporte de TI especializado? N\u00f3s separamos algumas dicas para te ajudar nesse processo.","og_url":"https:\/\/ravel.com.br\/blog\/cuidados-ao-contratar-suporte-de-ti\/","og_site_name":"Blog Tecnologia","article_author":"https:\/\/www.facebook.com\/raveltecnologia\/","article_published_time":"2019-11-12T14:49:52+00:00","article_modified_time":"2021-06-06T13:50:37+00:00","og_image":[{"width":1200,"height":800,"url":"https:\/\/ravel.com.br\/blog\/wp-content\/uploads\/2019\/11\/iStock-1061345628-Copia.jpg","type":"image\/jpeg"}],"author":"Nelson Corr\u00eaa Leite J\u00fanior","twitter_card":"summary_large_image","twitter_misc":{"Escrito por":"Nelson Corr\u00eaa Leite J\u00fanior","Est. tempo de leitura":"3 minutos"},"schema":{"@context":"https:\/\/schema.org","@graph":[{"@type":"WebPage","@id":"https:\/\/ravel.com.br\/blog\/cuidados-ao-contratar-suporte-de-ti\/","url":"https:\/\/ravel.com.br\/blog\/cuidados-ao-contratar-suporte-de-ti\/","name":"4 cuidados para tomar ao contratar um suporte de TI","isPartOf":{"@id":"https:\/\/ravel.com.br\/blog\/#website"},"primaryImageOfPage":{"@id":"https:\/\/ravel.com.br\/blog\/cuidados-ao-contratar-suporte-de-ti\/#primaryimage"},"image":{"@id":"https:\/\/ravel.com.br\/blog\/cuidados-ao-contratar-suporte-de-ti\/#primaryimage"},"thumbnailUrl":"https:\/\/ravel.com.br\/blog\/wp-content\/uploads\/2019\/11\/iStock-1061345628-Copia.jpg","datePublished":"2019-11-12T14:49:52+00:00","dateModified":"2021-06-06T13:50:37+00:00","author":{"@id":"https:\/\/ravel.com.br\/blog\/#\/schema\/person\/5809fbed911cb14566b16220749d3dcc"},"description":"Sua empresa est\u00e1 precisando de um suporte de TI especializado? N\u00f3s separamos algumas dicas para te ajudar nesse processo.","breadcrumb":{"@id":"https:\/\/ravel.com.br\/blog\/cuidados-ao-contratar-suporte-de-ti\/#breadcrumb"},"inLanguage":"pt-BR","potentialAction":[{"@type":"ReadAction","target":["https:\/\/ravel.com.br\/blog\/cuidados-ao-contratar-suporte-de-ti\/"]}]},{"@type":"ImageObject","inLanguage":"pt-BR","@id":"https:\/\/ravel.com.br\/blog\/cuidados-ao-contratar-suporte-de-ti\/#primaryimage","url":"https:\/\/ravel.com.br\/blog\/wp-content\/uploads\/2019\/11\/iStock-1061345628-Copia.jpg","contentUrl":"https:\/\/ravel.com.br\/blog\/wp-content\/uploads\/2019\/11\/iStock-1061345628-Copia.jpg","width":1200,"height":800,"caption":"Suporte de TI"},{"@type":"BreadcrumbList","@id":"https:\/\/ravel.com.br\/blog\/cuidados-ao-contratar-suporte-de-ti\/#breadcrumb","itemListElement":[{"@type":"ListItem","position":1,"name":"In\u00edcio","item":"https:\/\/ravel.com.br\/blog\/"},{"@type":"ListItem","position":2,"name":"4 cuidados que a sua empresa precisa tomar ao contratar um suporte de TI"}]},{"@type":"WebSite","@id":"https:\/\/ravel.com.br\/blog\/#website","url":"https:\/\/ravel.com.br\/blog\/","name":"Blog Tecnologia","description":"Dicas e Artigos sobre Tecnologia","potentialAction":[{"@type":"SearchAction","target":{"@type":"EntryPoint","urlTemplate":"https:\/\/ravel.com.br\/blog\/?s={search_term_string}"},"query-input":{"@type":"PropertyValueSpecification","valueRequired":true,"valueName":"search_term_string"}}],"inLanguage":"pt-BR"},{"@type":"Person","@id":"https:\/\/ravel.com.br\/blog\/#\/schema\/person\/5809fbed911cb14566b16220749d3dcc","name":"Nelson Corr\u00eaa Leite J\u00fanior","image":{"@type":"ImageObject","inLanguage":"pt-BR","@id":"https:\/\/ravel.com.br\/blog\/#\/schema\/person\/image\/","url":"https:\/\/secure.gravatar.com\/avatar\/4eeb3b5606c8a9b5aded280058cd2a1f?s=96&d=mm&r=g","contentUrl":"https:\/\/secure.gravatar.com\/avatar\/4eeb3b5606c8a9b5aded280058cd2a1f?s=96&d=mm&r=g","caption":"Nelson Corr\u00eaa Leite J\u00fanior"},"description":"Empres\u00e1rio desde 1997, onde \u00e9 Co-founder da Ravel Tecnologia, atuando como CEO na coordena\u00e7\u00e3o, gest\u00e3o da lideran\u00e7a e desenvolvimento estrat\u00e9gico. Especializado em Seguran\u00e7a da Informa\u00e7\u00e3o e solu\u00e7\u00f5es em nuvem. S\u00f3cio da ag\u00eancia de Marketing Digital Incandescente, com atua\u00e7\u00e3o na gest\u00e3o administrativa, financeira e estrat\u00e9gica. Busca por evoluir o uso da tecnologia aplicada aos neg\u00f3cios e as pessoas, buscando uma vis\u00e3o sist\u00eamica para fomentar e potencializar a inova\u00e7\u00e3o e crescimento. Pai de 2 lindos filhos e apreciador de uma boa cerveja.","sameAs":["http:\/\/ravel.com.br","https:\/\/www.facebook.com\/raveltecnologia\/","https:\/\/www.linkedin.com\/in\/nelson-corr\u00eaa-leite-j\u00fanior-337631160\/"],"url":"https:\/\/ravel.com.br\/blog\/author\/nelson\/"}]}},"_links":{"self":[{"href":"https:\/\/ravel.com.br\/blog\/wp-json\/wp\/v2\/posts\/745","targetHints":{"allow":["GET"]}}],"collection":[{"href":"https:\/\/ravel.com.br\/blog\/wp-json\/wp\/v2\/posts"}],"about":[{"href":"https:\/\/ravel.com.br\/blog\/wp-json\/wp\/v2\/types\/post"}],"author":[{"embeddable":true,"href":"https:\/\/ravel.com.br\/blog\/wp-json\/wp\/v2\/users\/7"}],"replies":[{"embeddable":true,"href":"https:\/\/ravel.com.br\/blog\/wp-json\/wp\/v2\/comments?post=745"}],"version-history":[{"count":6,"href":"https:\/\/ravel.com.br\/blog\/wp-json\/wp\/v2\/posts\/745\/revisions"}],"predecessor-version":[{"id":2491,"href":"https:\/\/ravel.com.br\/blog\/wp-json\/wp\/v2\/posts\/745\/revisions\/2491"}],"wp:featuredmedia":[{"embeddable":true,"href":"https:\/\/ravel.com.br\/blog\/wp-json\/wp\/v2\/media\/748"}],"wp:attachment":[{"href":"https:\/\/ravel.com.br\/blog\/wp-json\/wp\/v2\/media?parent=745"}],"wp:term":[{"taxonomy":"category","embeddable":true,"href":"https:\/\/ravel.com.br\/blog\/wp-json\/wp\/v2\/categories?post=745"},{"taxonomy":"post_tag","embeddable":true,"href":"https:\/\/ravel.com.br\/blog\/wp-json\/wp\/v2\/tags?post=745"}],"curies":[{"name":"wp","href":"https:\/\/api.w.org\/{rel}","templated":true}]}}