{"id":863,"date":"2020-01-13T20:23:33","date_gmt":"2020-01-13T23:23:33","guid":{"rendered":"https:\/\/ravel.com.br\/blog\/?p=863"},"modified":"2025-08-21T13:56:58","modified_gmt":"2025-08-21T16:56:58","slug":"capturando-imagens-da-tela-do-computador","status":"publish","type":"post","link":"https:\/\/ravel.com.br\/blog\/capturando-imagens-da-tela-do-computador\/","title":{"rendered":"Capturando imagens da tela do computador"},"content":{"rendered":"\n<p>Capturar a tela ou Janela de alguma\naplica\u00e7\u00e3o do seu computador se tornou algo comum em nossas atividades, como\nexemplo, guardar uma c\u00f3pia de uma transa\u00e7\u00e3o online, compartilhar imagens por\nWhatsApp WEB ou enviar via email. <\/p>\n\n\n\n<p>Abaixo iremos descrever algumas\nmaneiras f\u00e1ceis de fazer uma captura de tela no Windows 10, Windows 7 e no\nWindows 8, utilizando a ferramenta de captura de tela integrada ao Windows..<\/p>\n\n\n\n<h3 class=\"wp-block-heading\"><strong>Como abrir a Ferramenta de Captura<\/strong><\/h3>\n\n\n\n<p>N\u00e3o \u00e9 necess\u00e1rio instalar nenhum um\naplicativo, ela j\u00e1 faz parte do sistema operacional, basta busc\u00e1-la.<\/p>\n\n\n\n<p><strong>No Windows 10 &#8211; <\/strong>Selecione o bot\u00e3o &#8220;Iniciar&#8221;, digite\n&#8220;ferramenta de captura&#8221; na pesquisa e abra-a.<\/p>\n\n\n\n<p><strong>No Windows 8.1 &#8211; <\/strong>Passe o mouse na borda direita da tela (barra\nCharm), toque em &#8220;Pesquisar&#8221; e digite &#8220;ferramenta de captura\u201d<\/p>\n\n\n\n<figure class=\"wp-block-image size-full\"><a href=\"https:\/\/ravel.com.br\/servidor-em-nuvem\" target=\"_blank\" rel=\"noopener noreferrer\"><img loading=\"lazy\" decoding=\"async\" width=\"858\" height=\"112\" src=\"https:\/\/ravel.com.br\/blog\/wp-content\/uploads\/2023\/07\/banner-blog-nuvem-1.png\" alt=\"\" class=\"wp-image-4956\" srcset=\"https:\/\/ravel.com.br\/blog\/wp-content\/uploads\/2023\/07\/banner-blog-nuvem-1.png 858w, https:\/\/ravel.com.br\/blog\/wp-content\/uploads\/2023\/07\/banner-blog-nuvem-1-300x39.png 300w, https:\/\/ravel.com.br\/blog\/wp-content\/uploads\/2023\/07\/banner-blog-nuvem-1-768x100.png 768w, https:\/\/ravel.com.br\/blog\/wp-content\/uploads\/2023\/07\/banner-blog-nuvem-1-610x80.png 610w\" sizes=\"(max-width: 858px) 100vw, 858px\" \/><\/a><\/figure>\n\n\n\n<p><strong>No Windows 7 &#8211; <\/strong>Selecione o bot\u00e3o &#8220;Iniciar&#8221; e digite\n&#8220;ferramenta de captura&#8221; na pesquisa para abrir.<\/p>\n\n\n\n<p><strong>Existem 04 tipos de captura<\/strong>:&nbsp;\nFormato Livre, Retangular Janela e Tela Cheia <\/p>\n\n\n\n<div class=\"wp-block-image\"><figure class=\"aligncenter is-resized\"><img loading=\"lazy\" decoding=\"async\" src=\"https:\/\/ravel.com.br\/blog\/wp-content\/uploads\/2020\/01\/captura.png\" alt=\"\" class=\"wp-image-865\" width=\"420\" height=\"235\" srcset=\"https:\/\/ravel.com.br\/blog\/wp-content\/uploads\/2020\/01\/captura.png 501w, https:\/\/ravel.com.br\/blog\/wp-content\/uploads\/2020\/01\/captura-300x168.png 300w\" sizes=\"(max-width: 420px) 100vw, 420px\" \/><\/figure><\/div>\n\n\n\n<p><strong>Recorte de formato livre<\/strong>: desenhe uma forma livre ao redor de um\nobjeto;<\/p>\n\n\n\n<div class=\"wp-block-image\"><figure class=\"aligncenter is-resized\"><img loading=\"lazy\" decoding=\"async\" src=\"https:\/\/ravel.com.br\/blog\/wp-content\/uploads\/2020\/01\/captura-livre.png\" alt=\"\" class=\"wp-image-866\" width=\"443\" height=\"141\" srcset=\"https:\/\/ravel.com.br\/blog\/wp-content\/uploads\/2020\/01\/captura-livre.png 613w, https:\/\/ravel.com.br\/blog\/wp-content\/uploads\/2020\/01\/captura-livre-300x96.png 300w, https:\/\/ravel.com.br\/blog\/wp-content\/uploads\/2020\/01\/captura-livre-610x195.png 610w\" sizes=\"(max-width: 443px) 100vw, 443px\" \/><\/figure><\/div>\n\n\n\n<p><strong>Captura retangular<\/strong>: arraste o cursor ao redor do objeto para\nformar um ret\u00e2ngulo (esse \u00e9 o mais utilizado). <\/p>\n\n\n\n<div class=\"wp-block-image\"><figure class=\"aligncenter is-resized\"><img loading=\"lazy\" decoding=\"async\" src=\"https:\/\/ravel.com.br\/blog\/wp-content\/uploads\/2020\/01\/captura-retangular.png\" alt=\"\" class=\"wp-image-867\" width=\"493\" height=\"267\" srcset=\"https:\/\/ravel.com.br\/blog\/wp-content\/uploads\/2020\/01\/captura-retangular.png 607w, https:\/\/ravel.com.br\/blog\/wp-content\/uploads\/2020\/01\/captura-retangular-300x163.png 300w\" sizes=\"(max-width: 493px) 100vw, 493px\" \/><\/figure><\/div>\n\n\n\n<p><strong>Captura de janela<\/strong>: selecione uma janela no navegador ou uma\ncaixa de di\u00e1logo. Essa op\u00e7\u00e3o \u00e9 ideal para elabora\u00e7\u00e3o de documenta\u00e7\u00e3o e\nprocedimentos.<\/p>\n\n\n\n<div class=\"wp-block-image\"><figure class=\"aligncenter\"><img loading=\"lazy\" decoding=\"async\" width=\"1024\" height=\"576\" src=\"https:\/\/ravel.com.br\/blog\/wp-content\/uploads\/2020\/01\/captura-janela-1024x576.png\" alt=\"\" class=\"wp-image-868\" srcset=\"https:\/\/ravel.com.br\/blog\/wp-content\/uploads\/2020\/01\/captura-janela-1024x576.png 1024w, https:\/\/ravel.com.br\/blog\/wp-content\/uploads\/2020\/01\/captura-janela-300x169.png 300w, https:\/\/ravel.com.br\/blog\/wp-content\/uploads\/2020\/01\/captura-janela-768x432.png 768w, https:\/\/ravel.com.br\/blog\/wp-content\/uploads\/2020\/01\/captura-janela-610x343.png 610w, https:\/\/ravel.com.br\/blog\/wp-content\/uploads\/2020\/01\/captura-janela-1080x607.png 1080w, https:\/\/ravel.com.br\/blog\/wp-content\/uploads\/2020\/01\/captura-janela.png 1366w\" sizes=\"(max-width: 1024px) 100vw, 1024px\" \/><\/figure><\/div>\n\n\n\n<p><strong>Recorte de tela cheia:<\/strong> capture a tela inteira incluindo todas as\njanelas abertas. Semelhante \u00e0 famosa tecla \u201cPrintscreen\u201d.<\/p>\n\n\n\n<div class=\"wp-block-image\"><figure class=\"aligncenter\"><img loading=\"lazy\" decoding=\"async\" width=\"1024\" height=\"576\" src=\"https:\/\/ravel.com.br\/blog\/wp-content\/uploads\/2020\/01\/captura-tela-1024x576.png\" alt=\"\" class=\"wp-image-869\" srcset=\"https:\/\/ravel.com.br\/blog\/wp-content\/uploads\/2020\/01\/captura-tela-1024x576.png 1024w, https:\/\/ravel.com.br\/blog\/wp-content\/uploads\/2020\/01\/captura-tela-300x169.png 300w, https:\/\/ravel.com.br\/blog\/wp-content\/uploads\/2020\/01\/captura-tela-768x432.png 768w, https:\/\/ravel.com.br\/blog\/wp-content\/uploads\/2020\/01\/captura-tela-610x343.png 610w, https:\/\/ravel.com.br\/blog\/wp-content\/uploads\/2020\/01\/captura-tela-1080x607.png 1080w, https:\/\/ravel.com.br\/blog\/wp-content\/uploads\/2020\/01\/captura-tela.png 1366w\" sizes=\"(max-width: 1024px) 100vw, 1024px\" \/><\/figure><\/div>\n\n\n\n<h4 class=\"wp-block-heading\"><strong>Utilize as ferramentas para marca\u00e7\u00e3o ou edi\u00e7\u00e3o<\/strong><\/h4>\n\n\n\n<p>Ap\u00f3s a captura da imagem, caso\nnecessite fazer uma marca\u00e7\u00e3o ou observa\u00e7\u00e3o voc\u00ea pode utilizar as ferramentas de\nedi\u00e7\u00e3o. (Exemplo abaixo) <\/p>\n\n\n\n<div class=\"wp-block-image\"><figure class=\"aligncenter is-resized\"><img loading=\"lazy\" decoding=\"async\" src=\"https:\/\/ravel.com.br\/blog\/wp-content\/uploads\/2020\/01\/captura-editar.png\" alt=\"\" class=\"wp-image-870\" width=\"399\" height=\"119\" srcset=\"https:\/\/ravel.com.br\/blog\/wp-content\/uploads\/2020\/01\/captura-editar.png 626w, https:\/\/ravel.com.br\/blog\/wp-content\/uploads\/2020\/01\/captura-editar-300x90.png 300w, https:\/\/ravel.com.br\/blog\/wp-content\/uploads\/2020\/01\/captura-editar-610x182.png 610w\" sizes=\"(max-width: 399px) 100vw, 399px\" \/><\/figure><\/div>\n\n\n\n<p><strong>Exemplo de edi\u00e7\u00e3o utilizando a ferramenta de\nmarca\u00e7\u00e3o e caneta. &nbsp;<\/strong><\/p>\n\n\n\n<div class=\"wp-block-image\"><figure class=\"aligncenter is-resized\"><img loading=\"lazy\" decoding=\"async\" src=\"https:\/\/ravel.com.br\/blog\/wp-content\/uploads\/2020\/01\/captura-exemplo.png\" alt=\"\" class=\"wp-image-871\" width=\"362\" height=\"245\" srcset=\"https:\/\/ravel.com.br\/blog\/wp-content\/uploads\/2020\/01\/captura-exemplo.png 583w, https:\/\/ravel.com.br\/blog\/wp-content\/uploads\/2020\/01\/captura-exemplo-300x204.png 300w\" sizes=\"(max-width: 362px) 100vw, 362px\" \/><\/figure><\/div>\n\n\n\n<p>Dica: caso tenha feito alguma marca\u00e7\u00e3o\ne n\u00e3o tenha ficado da forma desejada, utilize a op\u00e7\u00e3o \u201cborracha\u201d em ferramentas\ne continue seu trabalho. <\/p>\n\n\n\n<p>Ap\u00f3s a conclus\u00e3o, voc\u00ea pode salvar o\narquivo clicando em \u201cArquivo\u201d, \u201cSalvar Como\u201d, escolhendo o local a ser gravado\ne o nome para a imagem. Tamb\u00e9m pode j\u00e1 abrir o documento de destino e efetuar o\ncomando \u201cColar\u201d (Ctrl+V), que a imagem ser\u00e1 inserida. <\/p>\n\n\n\n<figure class=\"wp-block-image size-large\"><a href=\"https:\/\/ravel.com.br\/seguranca-da-informacao\" target=\"_blank\" rel=\"noopener noreferrer\"><img loading=\"lazy\" decoding=\"async\" width=\"1024\" height=\"133\" src=\"https:\/\/ravel.com.br\/blog\/wp-content\/uploads\/2021\/01\/CTA7-2-1024x133.png\" alt=\"\" class=\"wp-image-2313\" srcset=\"https:\/\/ravel.com.br\/blog\/wp-content\/uploads\/2021\/01\/CTA7-2-1024x133.png 1024w, https:\/\/ravel.com.br\/blog\/wp-content\/uploads\/2021\/01\/CTA7-2-300x39.png 300w, https:\/\/ravel.com.br\/blog\/wp-content\/uploads\/2021\/01\/CTA7-2-768x100.png 768w, https:\/\/ravel.com.br\/blog\/wp-content\/uploads\/2021\/01\/CTA7-2-1536x199.png 1536w, https:\/\/ravel.com.br\/blog\/wp-content\/uploads\/2021\/01\/CTA7-2-2048x266.png 2048w, https:\/\/ravel.com.br\/blog\/wp-content\/uploads\/2021\/01\/CTA7-2-610x79.png 610w, https:\/\/ravel.com.br\/blog\/wp-content\/uploads\/2021\/01\/CTA7-2-1080x140.png 1080w\" sizes=\"(max-width: 1024px) 100vw, 1024px\" \/><\/a><\/figure>\n\n\n\n<p class=\"has-text-align-center\">E se voc\u00ea quiser\nenviar uma sugest\u00e3o de tema para que fa\u00e7amos uma dica ou at\u00e9 mesmo enviar uma\ndica interessante completa, envie um e-mail para dicas@ravel.com.br. Ser\u00e1 um\nprazer ouvi-lo, colaborar e compartilhar.<\/p>\n","protected":false},"excerpt":{"rendered":"<p>Descubra como usar imagens que est\u00e3o na tela do seu computador<\/p>\n","protected":false},"author":6,"featured_media":875,"comment_status":"open","ping_status":"open","sticky":false,"template":"","format":"standard","meta":{"_et_pb_use_builder":"off","_et_pb_old_content":"","_et_gb_content_width":"","footnotes":""},"categories":[60,88],"tags":[],"class_list":["post-863","post","type-post","status-publish","format-standard","has-post-thumbnail","hentry","category-dicas","category-windows","et-has-post-format-content","et_post_format-et-post-format-standard"],"yoast_head":"<!-- This site is optimized with the Yoast SEO plugin v24.1 - https:\/\/yoast.com\/wordpress\/plugins\/seo\/ -->\n<title>Capturando imagens da tela do computador - Blog - Ravel<\/title>\n<meta name=\"description\" content=\"Descubra como usar imagens que est\u00e3o na tela do seu computador\" \/>\n<meta name=\"robots\" content=\"index, follow, max-snippet:-1, max-image-preview:large, max-video-preview:-1\" \/>\n<link rel=\"canonical\" href=\"https:\/\/ravel.com.br\/blog\/capturando-imagens-da-tela-do-computador\/\" \/>\n<meta property=\"og:locale\" content=\"pt_BR\" \/>\n<meta property=\"og:type\" content=\"article\" \/>\n<meta property=\"og:title\" content=\"Capturando imagens da tela do computador - Blog - Ravel\" \/>\n<meta property=\"og:description\" content=\"Descubra como usar imagens que est\u00e3o na tela do seu computador\" \/>\n<meta property=\"og:url\" content=\"https:\/\/ravel.com.br\/blog\/capturando-imagens-da-tela-do-computador\/\" \/>\n<meta property=\"og:site_name\" content=\"Blog Tecnologia\" \/>\n<meta property=\"article:published_time\" content=\"2020-01-13T23:23:33+00:00\" \/>\n<meta property=\"article:modified_time\" content=\"2025-08-21T16:56:58+00:00\" \/>\n<meta property=\"og:image\" content=\"https:\/\/ravel.com.br\/blog\/wp-content\/uploads\/2020\/01\/captura-capa.jpg\" \/>\n\t<meta property=\"og:image:width\" content=\"1135\" \/>\n\t<meta property=\"og:image:height\" content=\"638\" \/>\n\t<meta property=\"og:image:type\" content=\"image\/jpeg\" \/>\n<meta name=\"author\" content=\"Edson Brito - Gerente de Projetos\" \/>\n<meta name=\"twitter:card\" content=\"summary_large_image\" \/>\n<meta name=\"twitter:label1\" content=\"Escrito por\" \/>\n\t<meta name=\"twitter:data1\" content=\"Edson Brito - Gerente de Projetos\" \/>\n\t<meta name=\"twitter:label2\" content=\"Est. tempo de leitura\" \/>\n\t<meta name=\"twitter:data2\" content=\"11 minutos\" \/>\n<script type=\"application\/ld+json\" class=\"yoast-schema-graph\">{\"@context\":\"https:\/\/schema.org\",\"@graph\":[{\"@type\":\"WebPage\",\"@id\":\"https:\/\/ravel.com.br\/blog\/capturando-imagens-da-tela-do-computador\/\",\"url\":\"https:\/\/ravel.com.br\/blog\/capturando-imagens-da-tela-do-computador\/\",\"name\":\"Capturando imagens da tela do computador - Blog - Ravel\",\"isPartOf\":{\"@id\":\"https:\/\/ravel.com.br\/blog\/#website\"},\"primaryImageOfPage\":{\"@id\":\"https:\/\/ravel.com.br\/blog\/capturando-imagens-da-tela-do-computador\/#primaryimage\"},\"image\":{\"@id\":\"https:\/\/ravel.com.br\/blog\/capturando-imagens-da-tela-do-computador\/#primaryimage\"},\"thumbnailUrl\":\"https:\/\/ravel.com.br\/blog\/wp-content\/uploads\/2020\/01\/captura-capa.jpg\",\"datePublished\":\"2020-01-13T23:23:33+00:00\",\"dateModified\":\"2025-08-21T16:56:58+00:00\",\"author\":{\"@id\":\"https:\/\/ravel.com.br\/blog\/#\/schema\/person\/0ffb86b724b1bb06423f7e8c8918afea\"},\"description\":\"Descubra como usar imagens que est\u00e3o na tela do seu computador\",\"breadcrumb\":{\"@id\":\"https:\/\/ravel.com.br\/blog\/capturando-imagens-da-tela-do-computador\/#breadcrumb\"},\"inLanguage\":\"pt-BR\",\"potentialAction\":[{\"@type\":\"ReadAction\",\"target\":[\"https:\/\/ravel.com.br\/blog\/capturando-imagens-da-tela-do-computador\/\"]}]},{\"@type\":\"ImageObject\",\"inLanguage\":\"pt-BR\",\"@id\":\"https:\/\/ravel.com.br\/blog\/capturando-imagens-da-tela-do-computador\/#primaryimage\",\"url\":\"https:\/\/ravel.com.br\/blog\/wp-content\/uploads\/2020\/01\/captura-capa.jpg\",\"contentUrl\":\"https:\/\/ravel.com.br\/blog\/wp-content\/uploads\/2020\/01\/captura-capa.jpg\",\"width\":1135,\"height\":638},{\"@type\":\"BreadcrumbList\",\"@id\":\"https:\/\/ravel.com.br\/blog\/capturando-imagens-da-tela-do-computador\/#breadcrumb\",\"itemListElement\":[{\"@type\":\"ListItem\",\"position\":1,\"name\":\"In\u00edcio\",\"item\":\"https:\/\/ravel.com.br\/blog\/\"},{\"@type\":\"ListItem\",\"position\":2,\"name\":\"Capturando imagens da tela do computador\"}]},{\"@type\":\"WebSite\",\"@id\":\"https:\/\/ravel.com.br\/blog\/#website\",\"url\":\"https:\/\/ravel.com.br\/blog\/\",\"name\":\"Blog Tecnologia\",\"description\":\"Dicas e Artigos sobre Tecnologia\",\"potentialAction\":[{\"@type\":\"SearchAction\",\"target\":{\"@type\":\"EntryPoint\",\"urlTemplate\":\"https:\/\/ravel.com.br\/blog\/?s={search_term_string}\"},\"query-input\":{\"@type\":\"PropertyValueSpecification\",\"valueRequired\":true,\"valueName\":\"search_term_string\"}}],\"inLanguage\":\"pt-BR\"},{\"@type\":\"Person\",\"@id\":\"https:\/\/ravel.com.br\/blog\/#\/schema\/person\/0ffb86b724b1bb06423f7e8c8918afea\",\"name\":\"Edson Brito - Gerente de Projetos\",\"image\":{\"@type\":\"ImageObject\",\"inLanguage\":\"pt-BR\",\"@id\":\"https:\/\/ravel.com.br\/blog\/#\/schema\/person\/image\/\",\"url\":\"https:\/\/secure.gravatar.com\/avatar\/e9f161bd2b2691252a68729961f39f9b?s=96&d=mm&r=g\",\"contentUrl\":\"https:\/\/secure.gravatar.com\/avatar\/e9f161bd2b2691252a68729961f39f9b?s=96&d=mm&r=g\",\"caption\":\"Edson Brito - Gerente de Projetos\"},\"description\":\"Gestor T\u00e9cnico na Ravel Tecnologia, com forma\u00e7\u00e3o em Tecnologia da Informa\u00e7\u00e3o e p\u00f3s graduado em Seguran\u00e7a da Informa\u00e7\u00e3o, busca atuar em projetos de infraestrutura, nuvem e SI. Focado em melhorias e solu\u00e7\u00f5es tecnol\u00f3gicas. Adora viajar e apreciar um bom vinho.\",\"sameAs\":[\"http:\/\/ravel.com.br\"],\"url\":\"https:\/\/ravel.com.br\/blog\/author\/edson-brito\/\"}]}<\/script>\n<!-- \/ Yoast SEO plugin. -->","yoast_head_json":{"title":"Capturando imagens da tela do computador - Blog - Ravel","description":"Descubra como usar imagens que est\u00e3o na tela do seu computador","robots":{"index":"index","follow":"follow","max-snippet":"max-snippet:-1","max-image-preview":"max-image-preview:large","max-video-preview":"max-video-preview:-1"},"canonical":"https:\/\/ravel.com.br\/blog\/capturando-imagens-da-tela-do-computador\/","og_locale":"pt_BR","og_type":"article","og_title":"Capturando imagens da tela do computador - Blog - Ravel","og_description":"Descubra como usar imagens que est\u00e3o na tela do seu computador","og_url":"https:\/\/ravel.com.br\/blog\/capturando-imagens-da-tela-do-computador\/","og_site_name":"Blog Tecnologia","article_published_time":"2020-01-13T23:23:33+00:00","article_modified_time":"2025-08-21T16:56:58+00:00","og_image":[{"width":1135,"height":638,"url":"https:\/\/ravel.com.br\/blog\/wp-content\/uploads\/2020\/01\/captura-capa.jpg","type":"image\/jpeg"}],"author":"Edson Brito - Gerente de Projetos","twitter_card":"summary_large_image","twitter_misc":{"Escrito por":"Edson Brito - Gerente de Projetos","Est. tempo de leitura":"11 minutos"},"schema":{"@context":"https:\/\/schema.org","@graph":[{"@type":"WebPage","@id":"https:\/\/ravel.com.br\/blog\/capturando-imagens-da-tela-do-computador\/","url":"https:\/\/ravel.com.br\/blog\/capturando-imagens-da-tela-do-computador\/","name":"Capturando imagens da tela do computador - Blog - Ravel","isPartOf":{"@id":"https:\/\/ravel.com.br\/blog\/#website"},"primaryImageOfPage":{"@id":"https:\/\/ravel.com.br\/blog\/capturando-imagens-da-tela-do-computador\/#primaryimage"},"image":{"@id":"https:\/\/ravel.com.br\/blog\/capturando-imagens-da-tela-do-computador\/#primaryimage"},"thumbnailUrl":"https:\/\/ravel.com.br\/blog\/wp-content\/uploads\/2020\/01\/captura-capa.jpg","datePublished":"2020-01-13T23:23:33+00:00","dateModified":"2025-08-21T16:56:58+00:00","author":{"@id":"https:\/\/ravel.com.br\/blog\/#\/schema\/person\/0ffb86b724b1bb06423f7e8c8918afea"},"description":"Descubra como usar imagens que est\u00e3o na tela do seu computador","breadcrumb":{"@id":"https:\/\/ravel.com.br\/blog\/capturando-imagens-da-tela-do-computador\/#breadcrumb"},"inLanguage":"pt-BR","potentialAction":[{"@type":"ReadAction","target":["https:\/\/ravel.com.br\/blog\/capturando-imagens-da-tela-do-computador\/"]}]},{"@type":"ImageObject","inLanguage":"pt-BR","@id":"https:\/\/ravel.com.br\/blog\/capturando-imagens-da-tela-do-computador\/#primaryimage","url":"https:\/\/ravel.com.br\/blog\/wp-content\/uploads\/2020\/01\/captura-capa.jpg","contentUrl":"https:\/\/ravel.com.br\/blog\/wp-content\/uploads\/2020\/01\/captura-capa.jpg","width":1135,"height":638},{"@type":"BreadcrumbList","@id":"https:\/\/ravel.com.br\/blog\/capturando-imagens-da-tela-do-computador\/#breadcrumb","itemListElement":[{"@type":"ListItem","position":1,"name":"In\u00edcio","item":"https:\/\/ravel.com.br\/blog\/"},{"@type":"ListItem","position":2,"name":"Capturando imagens da tela do computador"}]},{"@type":"WebSite","@id":"https:\/\/ravel.com.br\/blog\/#website","url":"https:\/\/ravel.com.br\/blog\/","name":"Blog Tecnologia","description":"Dicas e Artigos sobre Tecnologia","potentialAction":[{"@type":"SearchAction","target":{"@type":"EntryPoint","urlTemplate":"https:\/\/ravel.com.br\/blog\/?s={search_term_string}"},"query-input":{"@type":"PropertyValueSpecification","valueRequired":true,"valueName":"search_term_string"}}],"inLanguage":"pt-BR"},{"@type":"Person","@id":"https:\/\/ravel.com.br\/blog\/#\/schema\/person\/0ffb86b724b1bb06423f7e8c8918afea","name":"Edson Brito - Gerente de Projetos","image":{"@type":"ImageObject","inLanguage":"pt-BR","@id":"https:\/\/ravel.com.br\/blog\/#\/schema\/person\/image\/","url":"https:\/\/secure.gravatar.com\/avatar\/e9f161bd2b2691252a68729961f39f9b?s=96&d=mm&r=g","contentUrl":"https:\/\/secure.gravatar.com\/avatar\/e9f161bd2b2691252a68729961f39f9b?s=96&d=mm&r=g","caption":"Edson Brito - Gerente de Projetos"},"description":"Gestor T\u00e9cnico na Ravel Tecnologia, com forma\u00e7\u00e3o em Tecnologia da Informa\u00e7\u00e3o e p\u00f3s graduado em Seguran\u00e7a da Informa\u00e7\u00e3o, busca atuar em projetos de infraestrutura, nuvem e SI. Focado em melhorias e solu\u00e7\u00f5es tecnol\u00f3gicas. Adora viajar e apreciar um bom vinho.","sameAs":["http:\/\/ravel.com.br"],"url":"https:\/\/ravel.com.br\/blog\/author\/edson-brito\/"}]}},"_links":{"self":[{"href":"https:\/\/ravel.com.br\/blog\/wp-json\/wp\/v2\/posts\/863","targetHints":{"allow":["GET"]}}],"collection":[{"href":"https:\/\/ravel.com.br\/blog\/wp-json\/wp\/v2\/posts"}],"about":[{"href":"https:\/\/ravel.com.br\/blog\/wp-json\/wp\/v2\/types\/post"}],"author":[{"embeddable":true,"href":"https:\/\/ravel.com.br\/blog\/wp-json\/wp\/v2\/users\/6"}],"replies":[{"embeddable":true,"href":"https:\/\/ravel.com.br\/blog\/wp-json\/wp\/v2\/comments?post=863"}],"version-history":[{"count":3,"href":"https:\/\/ravel.com.br\/blog\/wp-json\/wp\/v2\/posts\/863\/revisions"}],"predecessor-version":[{"id":2345,"href":"https:\/\/ravel.com.br\/blog\/wp-json\/wp\/v2\/posts\/863\/revisions\/2345"}],"wp:featuredmedia":[{"embeddable":true,"href":"https:\/\/ravel.com.br\/blog\/wp-json\/wp\/v2\/media\/875"}],"wp:attachment":[{"href":"https:\/\/ravel.com.br\/blog\/wp-json\/wp\/v2\/media?parent=863"}],"wp:term":[{"taxonomy":"category","embeddable":true,"href":"https:\/\/ravel.com.br\/blog\/wp-json\/wp\/v2\/categories?post=863"},{"taxonomy":"post_tag","embeddable":true,"href":"https:\/\/ravel.com.br\/blog\/wp-json\/wp\/v2\/tags?post=863"}],"curies":[{"name":"wp","href":"https:\/\/api.w.org\/{rel}","templated":true}]}}