{"id":902,"date":"2020-01-16T20:03:55","date_gmt":"2020-01-16T23:03:55","guid":{"rendered":"https:\/\/ravel.com.br\/blog\/?p=902"},"modified":"2025-05-15T17:59:14","modified_gmt":"2025-05-15T20:59:14","slug":"erro-no-sefip-o-arquivo-s-nao-pode-ser-aberto","status":"publish","type":"post","link":"https:\/\/ravel.com.br\/blog\/erro-no-sefip-o-arquivo-s-nao-pode-ser-aberto\/","title":{"rendered":"Erro no Sefip: O arquivo &#8216;s&#8217; n\u00e3o pode ser aberto. Favor, verificar se h\u00e1 espa\u00e7o dispon\u00edvel e se voc\u00ea possui acesso ao diret\u00f3rio de destino"},"content":{"rendered":"\n<p>Apesar de ocorrer este erro (O arquivo &#8216;s&#8217; n\u00e3o pode ser aberto), ele fica como \u201cinstalado\u201d na m\u00e1quina, e tamb\u00e9m d\u00e1 erro ao tentar desinstalar o programa:<\/p>\n\n\n\n<figure class=\"wp-block-image aligncenter\"><img loading=\"lazy\" decoding=\"async\" width=\"259\" height=\"173\" src=\"https:\/\/ravel.com.br\/blog\/wp-content\/uploads\/2020\/01\/Sefip-erro-uninstall.jpg\" alt=\"O arquivo 's' n\u00e3o pode ser aberto\" class=\"wp-image-903\"\/><\/figure>\n\n\n\n<p>Primeiramente, ser\u00e1 necess\u00e1rio desinstalar o Sefip pelo Revo Uninstaller, ap\u00f3s isso, reinicie o computador.<\/p>\n\n\n\n<p>Ap\u00f3s reiniciar, antes de instalar, clique com o bot\u00e3o direito em cima do instalador, v\u00e1 em Propriedades, em seguida v\u00e1 at\u00e9 a aba Compatibilidade:<\/p>\n\n\n\n<figure class=\"wp-block-image aligncenter\"><img loading=\"lazy\" decoding=\"async\" width=\"396\" height=\"516\" src=\"https:\/\/ravel.com.br\/blog\/wp-content\/uploads\/2020\/01\/sefip-propriedade.png\" alt=\"erro no sefip\" class=\"wp-image-904\" srcset=\"https:\/\/ravel.com.br\/blog\/wp-content\/uploads\/2020\/01\/sefip-propriedade.png 396w, https:\/\/ravel.com.br\/blog\/wp-content\/uploads\/2020\/01\/sefip-propriedade-230x300.png 230w\" sizes=\"(max-width: 396px) 100vw, 396px\" \/><\/figure>\n\n\n\n<p>Ative a op\u00e7\u00e3o \u201cExecutar este programa em modo de\ncompatibilidade\u201d (Eu selecionei o Windows 7, pois a m\u00e1quina do cliente era\nWindows 10). Ative tamb\u00e9m a op\u00e7\u00e3o \u201cExecutar este programa como administrador\u201d.<\/p>\n\n\n\n<p>Ap\u00f3s isso, tente instalar novamente o Sefip, que n\u00e3o dar\u00e1 o erro: o  arquivo &#8216;s&#8217; n\u00e3o pode ser aberto<\/p>\n\n\n\n<p class=\"has-text-align-center\">Esperamos que tenha funcionado. Por\u00e9m, existem casos que existem outros fatores para o problema, que podem demandar a\u00e7\u00f5es complementares para a corre\u00e7\u00e3o.  <\/p>\n\n\n\n<p>Para mais dicas, acesse: <a href=\"https:\/\/ravel.com.br\/blog\/category\/dicas\/\">Dicas e boas pr\u00e1ticas &#8211; Blog Tecnologia &#8211; Ravel<\/a><\/p>\n","protected":false},"excerpt":{"rendered":"<p>Veja procedimento para este erro do Sefip<\/p>\n","protected":false},"author":16,"featured_media":906,"comment_status":"open","ping_status":"open","sticky":false,"template":"","format":"standard","meta":{"_et_pb_use_builder":"off","_et_pb_old_content":"","_et_gb_content_width":"","footnotes":""},"categories":[67],"tags":[],"class_list":["post-902","post","type-post","status-publish","format-standard","has-post-thumbnail","hentry","category-espaco-tecnico","et-has-post-format-content","et_post_format-et-post-format-standard"],"yoast_head":"<!-- This site is optimized with the Yoast SEO plugin v24.1 - https:\/\/yoast.com\/wordpress\/plugins\/seo\/ -->\n<title>Erro Sefip: O arquivo S n\u00e3o pode ser aberto - Blog Tecnologia<\/title>\n<meta name=\"description\" content=\"Erro no Sefip: O arquivo &#039;s&#039; n\u00e3o pode ser aberto. Favor, verificar se h\u00e1 espa\u00e7o dispon\u00edvel e se voc\u00ea possui acesso ao diret\u00f3rio de destino\" \/>\n<meta name=\"robots\" content=\"index, follow, max-snippet:-1, max-image-preview:large, max-video-preview:-1\" \/>\n<link rel=\"canonical\" href=\"https:\/\/ravel.com.br\/blog\/erro-no-sefip-o-arquivo-s-nao-pode-ser-aberto\/\" \/>\n<meta property=\"og:locale\" content=\"pt_BR\" \/>\n<meta property=\"og:type\" content=\"article\" \/>\n<meta property=\"og:title\" content=\"Erro no Sefip: O arquivo &#039;s&#039; n\u00e3o pode ser aberto\" \/>\n<meta property=\"og:description\" content=\"Erro no Sefip: O arquivo &#039;s&#039; n\u00e3o pode ser aberto. Favor, verificar se h\u00e1 espa\u00e7o dispon\u00edvel e se voc\u00ea possui acesso ao diret\u00f3rio de destino\" \/>\n<meta property=\"og:url\" content=\"https:\/\/ravel.com.br\/blog\/erro-no-sefip-o-arquivo-s-nao-pode-ser-aberto\/\" \/>\n<meta property=\"og:site_name\" content=\"Blog Tecnologia\" \/>\n<meta property=\"article:published_time\" content=\"2020-01-16T23:03:55+00:00\" \/>\n<meta property=\"article:modified_time\" content=\"2025-05-15T20:59:14+00:00\" \/>\n<meta property=\"og:image\" content=\"https:\/\/ravel.com.br\/blog\/wp-content\/uploads\/2020\/01\/sefip.jpg\" \/>\n\t<meta property=\"og:image:width\" content=\"574\" \/>\n\t<meta property=\"og:image:height\" content=\"287\" \/>\n\t<meta property=\"og:image:type\" content=\"image\/jpeg\" \/>\n<meta name=\"author\" content=\"Jean Pablo Martins de Lima\" \/>\n<meta name=\"twitter:card\" content=\"summary_large_image\" \/>\n<meta name=\"twitter:title\" content=\"Erro no Sefip: O arquivo &#039;s&#039; n\u00e3o pode ser aberto\" \/>\n<meta name=\"twitter:description\" content=\"Erro no Sefip: O arquivo &#039;s&#039; n\u00e3o pode ser aberto. Favor, verificar se h\u00e1 espa\u00e7o dispon\u00edvel e se voc\u00ea possui acesso ao diret\u00f3rio de destino\" \/>\n<meta name=\"twitter:label1\" content=\"Escrito por\" \/>\n\t<meta name=\"twitter:data1\" content=\"Jean Pablo Martins de Lima\" \/>\n\t<meta name=\"twitter:label2\" content=\"Est. tempo de leitura\" \/>\n\t<meta name=\"twitter:data2\" content=\"2 minutos\" \/>\n<script type=\"application\/ld+json\" class=\"yoast-schema-graph\">{\"@context\":\"https:\/\/schema.org\",\"@graph\":[{\"@type\":\"WebPage\",\"@id\":\"https:\/\/ravel.com.br\/blog\/erro-no-sefip-o-arquivo-s-nao-pode-ser-aberto\/\",\"url\":\"https:\/\/ravel.com.br\/blog\/erro-no-sefip-o-arquivo-s-nao-pode-ser-aberto\/\",\"name\":\"Erro Sefip: O arquivo S n\u00e3o pode ser aberto - Blog Tecnologia\",\"isPartOf\":{\"@id\":\"https:\/\/ravel.com.br\/blog\/#website\"},\"primaryImageOfPage\":{\"@id\":\"https:\/\/ravel.com.br\/blog\/erro-no-sefip-o-arquivo-s-nao-pode-ser-aberto\/#primaryimage\"},\"image\":{\"@id\":\"https:\/\/ravel.com.br\/blog\/erro-no-sefip-o-arquivo-s-nao-pode-ser-aberto\/#primaryimage\"},\"thumbnailUrl\":\"https:\/\/ravel.com.br\/blog\/wp-content\/uploads\/2020\/01\/sefip.jpg\",\"datePublished\":\"2020-01-16T23:03:55+00:00\",\"dateModified\":\"2025-05-15T20:59:14+00:00\",\"author\":{\"@id\":\"https:\/\/ravel.com.br\/blog\/#\/schema\/person\/d8dcd10fc99c4aa90d7832c438f5c800\"},\"description\":\"Erro no Sefip: O arquivo 's' n\u00e3o pode ser aberto. Favor, verificar se h\u00e1 espa\u00e7o dispon\u00edvel e se voc\u00ea possui acesso ao diret\u00f3rio de destino\",\"breadcrumb\":{\"@id\":\"https:\/\/ravel.com.br\/blog\/erro-no-sefip-o-arquivo-s-nao-pode-ser-aberto\/#breadcrumb\"},\"inLanguage\":\"pt-BR\",\"potentialAction\":[{\"@type\":\"ReadAction\",\"target\":[\"https:\/\/ravel.com.br\/blog\/erro-no-sefip-o-arquivo-s-nao-pode-ser-aberto\/\"]}]},{\"@type\":\"ImageObject\",\"inLanguage\":\"pt-BR\",\"@id\":\"https:\/\/ravel.com.br\/blog\/erro-no-sefip-o-arquivo-s-nao-pode-ser-aberto\/#primaryimage\",\"url\":\"https:\/\/ravel.com.br\/blog\/wp-content\/uploads\/2020\/01\/sefip.jpg\",\"contentUrl\":\"https:\/\/ravel.com.br\/blog\/wp-content\/uploads\/2020\/01\/sefip.jpg\",\"width\":574,\"height\":287},{\"@type\":\"BreadcrumbList\",\"@id\":\"https:\/\/ravel.com.br\/blog\/erro-no-sefip-o-arquivo-s-nao-pode-ser-aberto\/#breadcrumb\",\"itemListElement\":[{\"@type\":\"ListItem\",\"position\":1,\"name\":\"In\u00edcio\",\"item\":\"https:\/\/ravel.com.br\/blog\/\"},{\"@type\":\"ListItem\",\"position\":2,\"name\":\"Erro no Sefip: O arquivo &#8216;s&#8217; n\u00e3o pode ser aberto. Favor, verificar se h\u00e1 espa\u00e7o dispon\u00edvel e se voc\u00ea possui acesso ao diret\u00f3rio de destino\"}]},{\"@type\":\"WebSite\",\"@id\":\"https:\/\/ravel.com.br\/blog\/#website\",\"url\":\"https:\/\/ravel.com.br\/blog\/\",\"name\":\"Blog Tecnologia\",\"description\":\"Dicas e Artigos sobre Tecnologia\",\"potentialAction\":[{\"@type\":\"SearchAction\",\"target\":{\"@type\":\"EntryPoint\",\"urlTemplate\":\"https:\/\/ravel.com.br\/blog\/?s={search_term_string}\"},\"query-input\":{\"@type\":\"PropertyValueSpecification\",\"valueRequired\":true,\"valueName\":\"search_term_string\"}}],\"inLanguage\":\"pt-BR\"},{\"@type\":\"Person\",\"@id\":\"https:\/\/ravel.com.br\/blog\/#\/schema\/person\/d8dcd10fc99c4aa90d7832c438f5c800\",\"name\":\"Jean Pablo Martins de Lima\",\"image\":{\"@type\":\"ImageObject\",\"inLanguage\":\"pt-BR\",\"@id\":\"https:\/\/ravel.com.br\/blog\/#\/schema\/person\/image\/\",\"url\":\"https:\/\/secure.gravatar.com\/avatar\/f807746eeb6eb221ec28675c299d104c?s=96&d=mm&r=g\",\"contentUrl\":\"https:\/\/secure.gravatar.com\/avatar\/f807746eeb6eb221ec28675c299d104c?s=96&d=mm&r=g\",\"caption\":\"Jean Pablo Martins de Lima\"},\"description\":\"Formado em Gest\u00e3o em Tecnologia da Informa\u00e7\u00e3o, Atua no time de suporte aos clientes buscando sempre o melhor atendimento e resolu\u00e7\u00e3o das demandas dos usu\u00e1rios. Gosta de jogar videogame, ir ao cinema e cozinhar\",\"url\":\"https:\/\/ravel.com.br\/blog\/author\/jean-pablo\/\"}]}<\/script>\n<!-- \/ Yoast SEO plugin. -->","yoast_head_json":{"title":"Erro Sefip: O arquivo S n\u00e3o pode ser aberto - Blog Tecnologia","description":"Erro no Sefip: O arquivo 's' n\u00e3o pode ser aberto. Favor, verificar se h\u00e1 espa\u00e7o dispon\u00edvel e se voc\u00ea possui acesso ao diret\u00f3rio de destino","robots":{"index":"index","follow":"follow","max-snippet":"max-snippet:-1","max-image-preview":"max-image-preview:large","max-video-preview":"max-video-preview:-1"},"canonical":"https:\/\/ravel.com.br\/blog\/erro-no-sefip-o-arquivo-s-nao-pode-ser-aberto\/","og_locale":"pt_BR","og_type":"article","og_title":"Erro no Sefip: O arquivo 's' n\u00e3o pode ser aberto","og_description":"Erro no Sefip: O arquivo 's' n\u00e3o pode ser aberto. Favor, verificar se h\u00e1 espa\u00e7o dispon\u00edvel e se voc\u00ea possui acesso ao diret\u00f3rio de destino","og_url":"https:\/\/ravel.com.br\/blog\/erro-no-sefip-o-arquivo-s-nao-pode-ser-aberto\/","og_site_name":"Blog Tecnologia","article_published_time":"2020-01-16T23:03:55+00:00","article_modified_time":"2025-05-15T20:59:14+00:00","og_image":[{"width":574,"height":287,"url":"https:\/\/ravel.com.br\/blog\/wp-content\/uploads\/2020\/01\/sefip.jpg","type":"image\/jpeg"}],"author":"Jean Pablo Martins de Lima","twitter_card":"summary_large_image","twitter_title":"Erro no Sefip: O arquivo 's' n\u00e3o pode ser aberto","twitter_description":"Erro no Sefip: O arquivo 's' n\u00e3o pode ser aberto. Favor, verificar se h\u00e1 espa\u00e7o dispon\u00edvel e se voc\u00ea possui acesso ao diret\u00f3rio de destino","twitter_misc":{"Escrito por":"Jean Pablo Martins de Lima","Est. tempo de leitura":"2 minutos"},"schema":{"@context":"https:\/\/schema.org","@graph":[{"@type":"WebPage","@id":"https:\/\/ravel.com.br\/blog\/erro-no-sefip-o-arquivo-s-nao-pode-ser-aberto\/","url":"https:\/\/ravel.com.br\/blog\/erro-no-sefip-o-arquivo-s-nao-pode-ser-aberto\/","name":"Erro Sefip: O arquivo S n\u00e3o pode ser aberto - Blog Tecnologia","isPartOf":{"@id":"https:\/\/ravel.com.br\/blog\/#website"},"primaryImageOfPage":{"@id":"https:\/\/ravel.com.br\/blog\/erro-no-sefip-o-arquivo-s-nao-pode-ser-aberto\/#primaryimage"},"image":{"@id":"https:\/\/ravel.com.br\/blog\/erro-no-sefip-o-arquivo-s-nao-pode-ser-aberto\/#primaryimage"},"thumbnailUrl":"https:\/\/ravel.com.br\/blog\/wp-content\/uploads\/2020\/01\/sefip.jpg","datePublished":"2020-01-16T23:03:55+00:00","dateModified":"2025-05-15T20:59:14+00:00","author":{"@id":"https:\/\/ravel.com.br\/blog\/#\/schema\/person\/d8dcd10fc99c4aa90d7832c438f5c800"},"description":"Erro no Sefip: O arquivo 's' n\u00e3o pode ser aberto. Favor, verificar se h\u00e1 espa\u00e7o dispon\u00edvel e se voc\u00ea possui acesso ao diret\u00f3rio de destino","breadcrumb":{"@id":"https:\/\/ravel.com.br\/blog\/erro-no-sefip-o-arquivo-s-nao-pode-ser-aberto\/#breadcrumb"},"inLanguage":"pt-BR","potentialAction":[{"@type":"ReadAction","target":["https:\/\/ravel.com.br\/blog\/erro-no-sefip-o-arquivo-s-nao-pode-ser-aberto\/"]}]},{"@type":"ImageObject","inLanguage":"pt-BR","@id":"https:\/\/ravel.com.br\/blog\/erro-no-sefip-o-arquivo-s-nao-pode-ser-aberto\/#primaryimage","url":"https:\/\/ravel.com.br\/blog\/wp-content\/uploads\/2020\/01\/sefip.jpg","contentUrl":"https:\/\/ravel.com.br\/blog\/wp-content\/uploads\/2020\/01\/sefip.jpg","width":574,"height":287},{"@type":"BreadcrumbList","@id":"https:\/\/ravel.com.br\/blog\/erro-no-sefip-o-arquivo-s-nao-pode-ser-aberto\/#breadcrumb","itemListElement":[{"@type":"ListItem","position":1,"name":"In\u00edcio","item":"https:\/\/ravel.com.br\/blog\/"},{"@type":"ListItem","position":2,"name":"Erro no Sefip: O arquivo &#8216;s&#8217; n\u00e3o pode ser aberto. Favor, verificar se h\u00e1 espa\u00e7o dispon\u00edvel e se voc\u00ea possui acesso ao diret\u00f3rio de destino"}]},{"@type":"WebSite","@id":"https:\/\/ravel.com.br\/blog\/#website","url":"https:\/\/ravel.com.br\/blog\/","name":"Blog Tecnologia","description":"Dicas e Artigos sobre Tecnologia","potentialAction":[{"@type":"SearchAction","target":{"@type":"EntryPoint","urlTemplate":"https:\/\/ravel.com.br\/blog\/?s={search_term_string}"},"query-input":{"@type":"PropertyValueSpecification","valueRequired":true,"valueName":"search_term_string"}}],"inLanguage":"pt-BR"},{"@type":"Person","@id":"https:\/\/ravel.com.br\/blog\/#\/schema\/person\/d8dcd10fc99c4aa90d7832c438f5c800","name":"Jean Pablo Martins de Lima","image":{"@type":"ImageObject","inLanguage":"pt-BR","@id":"https:\/\/ravel.com.br\/blog\/#\/schema\/person\/image\/","url":"https:\/\/secure.gravatar.com\/avatar\/f807746eeb6eb221ec28675c299d104c?s=96&d=mm&r=g","contentUrl":"https:\/\/secure.gravatar.com\/avatar\/f807746eeb6eb221ec28675c299d104c?s=96&d=mm&r=g","caption":"Jean Pablo Martins de Lima"},"description":"Formado em Gest\u00e3o em Tecnologia da Informa\u00e7\u00e3o, Atua no time de suporte aos clientes buscando sempre o melhor atendimento e resolu\u00e7\u00e3o das demandas dos usu\u00e1rios. Gosta de jogar videogame, ir ao cinema e cozinhar","url":"https:\/\/ravel.com.br\/blog\/author\/jean-pablo\/"}]}},"_links":{"self":[{"href":"https:\/\/ravel.com.br\/blog\/wp-json\/wp\/v2\/posts\/902","targetHints":{"allow":["GET"]}}],"collection":[{"href":"https:\/\/ravel.com.br\/blog\/wp-json\/wp\/v2\/posts"}],"about":[{"href":"https:\/\/ravel.com.br\/blog\/wp-json\/wp\/v2\/types\/post"}],"author":[{"embeddable":true,"href":"https:\/\/ravel.com.br\/blog\/wp-json\/wp\/v2\/users\/16"}],"replies":[{"embeddable":true,"href":"https:\/\/ravel.com.br\/blog\/wp-json\/wp\/v2\/comments?post=902"}],"version-history":[{"count":12,"href":"https:\/\/ravel.com.br\/blog\/wp-json\/wp\/v2\/posts\/902\/revisions"}],"predecessor-version":[{"id":6275,"href":"https:\/\/ravel.com.br\/blog\/wp-json\/wp\/v2\/posts\/902\/revisions\/6275"}],"wp:featuredmedia":[{"embeddable":true,"href":"https:\/\/ravel.com.br\/blog\/wp-json\/wp\/v2\/media\/906"}],"wp:attachment":[{"href":"https:\/\/ravel.com.br\/blog\/wp-json\/wp\/v2\/media?parent=902"}],"wp:term":[{"taxonomy":"category","embeddable":true,"href":"https:\/\/ravel.com.br\/blog\/wp-json\/wp\/v2\/categories?post=902"},{"taxonomy":"post_tag","embeddable":true,"href":"https:\/\/ravel.com.br\/blog\/wp-json\/wp\/v2\/tags?post=902"}],"curies":[{"name":"wp","href":"https:\/\/api.w.org\/{rel}","templated":true}]}}