{"id":924,"date":"2020-01-18T18:04:14","date_gmt":"2020-01-18T21:04:14","guid":{"rendered":"https:\/\/ravel.com.br\/blog\/?p=924"},"modified":"2024-01-03T17:52:44","modified_gmt":"2024-01-03T20:52:44","slug":"como-formatar-um-pen-drive-no-mac","status":"publish","type":"post","link":"https:\/\/ravel.com.br\/blog\/como-formatar-um-pen-drive-no-mac\/","title":{"rendered":"Como formatar um pen drive no Mac"},"content":{"rendered":"\n<p>Siga os passos abaixo para saber como formatar um pen drive no mac:<\/p>\n\n\n\n<ul class=\"wp-block-list\"><li>Entre em&nbsp;<strong>Aplicativos &gt; Utilit\u00e1rios &gt; Utilit\u00e1rio de Disco<\/strong>;<\/li><\/ul>\n\n\n\n<div class=\"wp-block-image\"><figure class=\"aligncenter\"><img loading=\"lazy\" decoding=\"async\" width=\"700\" height=\"387\" src=\"https:\/\/ravel.com.br\/blog\/wp-content\/uploads\/2020\/01\/pendrive-mac-propriedades.png\" alt=\"como formatar um pen drive no mac\" class=\"wp-image-925\" srcset=\"https:\/\/ravel.com.br\/blog\/wp-content\/uploads\/2020\/01\/pendrive-mac-propriedades.png 700w, https:\/\/ravel.com.br\/blog\/wp-content\/uploads\/2020\/01\/pendrive-mac-propriedades-300x166.png 300w, https:\/\/ravel.com.br\/blog\/wp-content\/uploads\/2020\/01\/pendrive-mac-propriedades-610x337.png 610w\" sizes=\"(max-width: 700px) 100vw, 700px\" \/><\/figure><\/div>\n\n\n\n<ul class=\"wp-block-list\"><li>Selecione o pen drive na barra lateral esquerda e clique em&nbsp;<strong>Apagar<\/strong>;<\/li><\/ul>\n\n\n\n<ul class=\"wp-block-list\"><li>Em&nbsp;<strong>Mapa<\/strong>, coloque&nbsp;<strong>MS-DOS (FAT)<\/strong>;<\/li><\/ul>\n\n\n\n<ul class=\"wp-block-list\"><li>Em&nbsp;<strong>Formato<\/strong>, coloque&nbsp;<strong>Master Boot Record<\/strong>;<\/li><\/ul>\n\n\n\n<ul class=\"wp-block-list\"><li>Confirme a formata\u00e7\u00e3o clicando em&nbsp;<strong>Apagar<\/strong>&nbsp;novamente;<\/li><\/ul>\n\n\n\n<p>Se n\u00e3o der certo, formate primeiro como&nbsp;<strong>Mac OS<\/strong>&nbsp;Expandido na op\u00e7\u00e3o Mapa e, depois que terminar, refa\u00e7a os passos como MS-DOS (FAT).<\/p>\n\n\n\n<h4 class=\"wp-block-heading\">Pronto, seu Pen Drive foi formatado com sucesso!<\/h4>\n\n\n\n<p class=\"has-text-align-center\">E se voc\u00ea quiser enviar uma sugest\u00e3o de tema para que fa\u00e7amos uma dica  ou at\u00e9 mesmo enviar uma dica interessante completa, envie um e-mail para  dicas@ravel.com.br. Ser\u00e1 um prazer ouvi-lo, colaborar e compartilhar.  <\/p>\n\n\n\n<figure class=\"wp-block-image size-large\"><a href=\"https:\/\/ravel.com.br\/seguranca-da-informacao\" target=\"_blank\" rel=\"noopener noreferrer\"><img loading=\"lazy\" decoding=\"async\" width=\"1024\" height=\"133\" src=\"https:\/\/ravel.com.br\/blog\/wp-content\/uploads\/2021\/01\/CTA7-2-1024x133.png\" alt=\"\" class=\"wp-image-2313\" srcset=\"https:\/\/ravel.com.br\/blog\/wp-content\/uploads\/2021\/01\/CTA7-2-1024x133.png 1024w, https:\/\/ravel.com.br\/blog\/wp-content\/uploads\/2021\/01\/CTA7-2-300x39.png 300w, https:\/\/ravel.com.br\/blog\/wp-content\/uploads\/2021\/01\/CTA7-2-768x100.png 768w, https:\/\/ravel.com.br\/blog\/wp-content\/uploads\/2021\/01\/CTA7-2-1536x199.png 1536w, https:\/\/ravel.com.br\/blog\/wp-content\/uploads\/2021\/01\/CTA7-2-2048x266.png 2048w, https:\/\/ravel.com.br\/blog\/wp-content\/uploads\/2021\/01\/CTA7-2-610x79.png 610w, https:\/\/ravel.com.br\/blog\/wp-content\/uploads\/2021\/01\/CTA7-2-1080x140.png 1080w\" sizes=\"(max-width: 1024px) 100vw, 1024px\" \/><\/a><\/figure>\n","protected":false},"excerpt":{"rendered":"<p>Veja o passo a passo para formatar seu pen drive no Mac<\/p>\n","protected":false},"author":34,"featured_media":926,"comment_status":"open","ping_status":"open","sticky":false,"template":"","format":"standard","meta":{"_et_pb_use_builder":"off","_et_pb_old_content":"","_et_gb_content_width":"","footnotes":""},"categories":[60],"tags":[],"class_list":["post-924","post","type-post","status-publish","format-standard","has-post-thumbnail","hentry","category-dicas","et-has-post-format-content","et_post_format-et-post-format-standard"],"yoast_head":"<!-- This site is optimized with the Yoast SEO plugin v24.1 - https:\/\/yoast.com\/wordpress\/plugins\/seo\/ -->\n<title>Como formatar um pen drive no Mac - Blog - Ravel Tecnologia<\/title>\n<meta name=\"description\" content=\"Veja o passo a passo para como formatar seu pen drive no Mac\" \/>\n<meta name=\"robots\" content=\"index, follow, max-snippet:-1, max-image-preview:large, max-video-preview:-1\" \/>\n<link rel=\"canonical\" href=\"https:\/\/ravel.com.br\/blog\/como-formatar-um-pen-drive-no-mac\/\" \/>\n<meta property=\"og:locale\" content=\"pt_BR\" \/>\n<meta property=\"og:type\" content=\"article\" \/>\n<meta property=\"og:title\" content=\"Como formatar um pen drive no Mac - Blog - Ravel Tecnologia\" \/>\n<meta property=\"og:description\" content=\"Veja o passo a passo para como formatar seu pen drive no Mac\" \/>\n<meta property=\"og:url\" content=\"https:\/\/ravel.com.br\/blog\/como-formatar-um-pen-drive-no-mac\/\" \/>\n<meta property=\"og:site_name\" content=\"Blog Tecnologia\" \/>\n<meta property=\"article:published_time\" content=\"2020-01-18T21:04:14+00:00\" \/>\n<meta property=\"article:modified_time\" content=\"2024-01-03T20:52:44+00:00\" \/>\n<meta property=\"og:image\" content=\"https:\/\/ravel.com.br\/blog\/wp-content\/uploads\/2020\/01\/pendrive-mac.jpeg\" \/>\n\t<meta property=\"og:image:width\" content=\"1651\" \/>\n\t<meta property=\"og:image:height\" content=\"670\" \/>\n\t<meta property=\"og:image:type\" content=\"image\/jpeg\" \/>\n<meta name=\"author\" content=\"Ravel Tecnologia\" \/>\n<meta name=\"twitter:card\" content=\"summary_large_image\" \/>\n<meta name=\"twitter:label1\" content=\"Escrito por\" \/>\n\t<meta name=\"twitter:data1\" content=\"Ravel Tecnologia\" \/>\n\t<meta name=\"twitter:label2\" content=\"Est. tempo de leitura\" \/>\n\t<meta name=\"twitter:data2\" content=\"1 minuto\" \/>\n<script type=\"application\/ld+json\" class=\"yoast-schema-graph\">{\"@context\":\"https:\/\/schema.org\",\"@graph\":[{\"@type\":\"WebPage\",\"@id\":\"https:\/\/ravel.com.br\/blog\/como-formatar-um-pen-drive-no-mac\/\",\"url\":\"https:\/\/ravel.com.br\/blog\/como-formatar-um-pen-drive-no-mac\/\",\"name\":\"Como formatar um pen drive no Mac - Blog - Ravel Tecnologia\",\"isPartOf\":{\"@id\":\"https:\/\/ravel.com.br\/blog\/#website\"},\"primaryImageOfPage\":{\"@id\":\"https:\/\/ravel.com.br\/blog\/como-formatar-um-pen-drive-no-mac\/#primaryimage\"},\"image\":{\"@id\":\"https:\/\/ravel.com.br\/blog\/como-formatar-um-pen-drive-no-mac\/#primaryimage\"},\"thumbnailUrl\":\"https:\/\/ravel.com.br\/blog\/wp-content\/uploads\/2020\/01\/pendrive-mac.jpeg\",\"datePublished\":\"2020-01-18T21:04:14+00:00\",\"dateModified\":\"2024-01-03T20:52:44+00:00\",\"author\":{\"@id\":\"https:\/\/ravel.com.br\/blog\/#\/schema\/person\/77a79ccf728fc4a376654c3546e919f5\"},\"description\":\"Veja o passo a passo para como formatar seu pen drive no Mac\",\"breadcrumb\":{\"@id\":\"https:\/\/ravel.com.br\/blog\/como-formatar-um-pen-drive-no-mac\/#breadcrumb\"},\"inLanguage\":\"pt-BR\",\"potentialAction\":[{\"@type\":\"ReadAction\",\"target\":[\"https:\/\/ravel.com.br\/blog\/como-formatar-um-pen-drive-no-mac\/\"]}]},{\"@type\":\"ImageObject\",\"inLanguage\":\"pt-BR\",\"@id\":\"https:\/\/ravel.com.br\/blog\/como-formatar-um-pen-drive-no-mac\/#primaryimage\",\"url\":\"https:\/\/ravel.com.br\/blog\/wp-content\/uploads\/2020\/01\/pendrive-mac.jpeg\",\"contentUrl\":\"https:\/\/ravel.com.br\/blog\/wp-content\/uploads\/2020\/01\/pendrive-mac.jpeg\",\"width\":1651,\"height\":670},{\"@type\":\"BreadcrumbList\",\"@id\":\"https:\/\/ravel.com.br\/blog\/como-formatar-um-pen-drive-no-mac\/#breadcrumb\",\"itemListElement\":[{\"@type\":\"ListItem\",\"position\":1,\"name\":\"In\u00edcio\",\"item\":\"https:\/\/ravel.com.br\/blog\/\"},{\"@type\":\"ListItem\",\"position\":2,\"name\":\"Como formatar um pen drive no Mac\"}]},{\"@type\":\"WebSite\",\"@id\":\"https:\/\/ravel.com.br\/blog\/#website\",\"url\":\"https:\/\/ravel.com.br\/blog\/\",\"name\":\"Blog Tecnologia\",\"description\":\"Dicas e Artigos sobre Tecnologia\",\"potentialAction\":[{\"@type\":\"SearchAction\",\"target\":{\"@type\":\"EntryPoint\",\"urlTemplate\":\"https:\/\/ravel.com.br\/blog\/?s={search_term_string}\"},\"query-input\":{\"@type\":\"PropertyValueSpecification\",\"valueRequired\":true,\"valueName\":\"search_term_string\"}}],\"inLanguage\":\"pt-BR\"},{\"@type\":\"Person\",\"@id\":\"https:\/\/ravel.com.br\/blog\/#\/schema\/person\/77a79ccf728fc4a376654c3546e919f5\",\"name\":\"Ravel Tecnologia\",\"image\":{\"@type\":\"ImageObject\",\"inLanguage\":\"pt-BR\",\"@id\":\"https:\/\/ravel.com.br\/blog\/#\/schema\/person\/image\/\",\"url\":\"https:\/\/secure.gravatar.com\/avatar\/449267afe4e5fadbd121b8790fd528f6?s=96&d=mm&r=g\",\"contentUrl\":\"https:\/\/secure.gravatar.com\/avatar\/449267afe4e5fadbd121b8790fd528f6?s=96&d=mm&r=g\",\"caption\":\"Ravel Tecnologia\"},\"description\":\"Oferecemos servi\u00e7os de TI para garantir que a tecnologia trabalhe como forte aliada na conquista de resultados e se reflita de forma direta na produtividade e no crescimento das empresas.\",\"url\":\"https:\/\/ravel.com.br\/blog\/author\/ravel-tecnologia\/\"}]}<\/script>\n<!-- \/ Yoast SEO plugin. -->","yoast_head_json":{"title":"Como formatar um pen drive no Mac - Blog - Ravel Tecnologia","description":"Veja o passo a passo para como formatar seu pen drive no Mac","robots":{"index":"index","follow":"follow","max-snippet":"max-snippet:-1","max-image-preview":"max-image-preview:large","max-video-preview":"max-video-preview:-1"},"canonical":"https:\/\/ravel.com.br\/blog\/como-formatar-um-pen-drive-no-mac\/","og_locale":"pt_BR","og_type":"article","og_title":"Como formatar um pen drive no Mac - Blog - Ravel Tecnologia","og_description":"Veja o passo a passo para como formatar seu pen drive no Mac","og_url":"https:\/\/ravel.com.br\/blog\/como-formatar-um-pen-drive-no-mac\/","og_site_name":"Blog Tecnologia","article_published_time":"2020-01-18T21:04:14+00:00","article_modified_time":"2024-01-03T20:52:44+00:00","og_image":[{"width":1651,"height":670,"url":"https:\/\/ravel.com.br\/blog\/wp-content\/uploads\/2020\/01\/pendrive-mac.jpeg","type":"image\/jpeg"}],"author":"Ravel Tecnologia","twitter_card":"summary_large_image","twitter_misc":{"Escrito por":"Ravel Tecnologia","Est. tempo de leitura":"1 minuto"},"schema":{"@context":"https:\/\/schema.org","@graph":[{"@type":"WebPage","@id":"https:\/\/ravel.com.br\/blog\/como-formatar-um-pen-drive-no-mac\/","url":"https:\/\/ravel.com.br\/blog\/como-formatar-um-pen-drive-no-mac\/","name":"Como formatar um pen drive no Mac - Blog - Ravel Tecnologia","isPartOf":{"@id":"https:\/\/ravel.com.br\/blog\/#website"},"primaryImageOfPage":{"@id":"https:\/\/ravel.com.br\/blog\/como-formatar-um-pen-drive-no-mac\/#primaryimage"},"image":{"@id":"https:\/\/ravel.com.br\/blog\/como-formatar-um-pen-drive-no-mac\/#primaryimage"},"thumbnailUrl":"https:\/\/ravel.com.br\/blog\/wp-content\/uploads\/2020\/01\/pendrive-mac.jpeg","datePublished":"2020-01-18T21:04:14+00:00","dateModified":"2024-01-03T20:52:44+00:00","author":{"@id":"https:\/\/ravel.com.br\/blog\/#\/schema\/person\/77a79ccf728fc4a376654c3546e919f5"},"description":"Veja o passo a passo para como formatar seu pen drive no Mac","breadcrumb":{"@id":"https:\/\/ravel.com.br\/blog\/como-formatar-um-pen-drive-no-mac\/#breadcrumb"},"inLanguage":"pt-BR","potentialAction":[{"@type":"ReadAction","target":["https:\/\/ravel.com.br\/blog\/como-formatar-um-pen-drive-no-mac\/"]}]},{"@type":"ImageObject","inLanguage":"pt-BR","@id":"https:\/\/ravel.com.br\/blog\/como-formatar-um-pen-drive-no-mac\/#primaryimage","url":"https:\/\/ravel.com.br\/blog\/wp-content\/uploads\/2020\/01\/pendrive-mac.jpeg","contentUrl":"https:\/\/ravel.com.br\/blog\/wp-content\/uploads\/2020\/01\/pendrive-mac.jpeg","width":1651,"height":670},{"@type":"BreadcrumbList","@id":"https:\/\/ravel.com.br\/blog\/como-formatar-um-pen-drive-no-mac\/#breadcrumb","itemListElement":[{"@type":"ListItem","position":1,"name":"In\u00edcio","item":"https:\/\/ravel.com.br\/blog\/"},{"@type":"ListItem","position":2,"name":"Como formatar um pen drive no Mac"}]},{"@type":"WebSite","@id":"https:\/\/ravel.com.br\/blog\/#website","url":"https:\/\/ravel.com.br\/blog\/","name":"Blog Tecnologia","description":"Dicas e Artigos sobre Tecnologia","potentialAction":[{"@type":"SearchAction","target":{"@type":"EntryPoint","urlTemplate":"https:\/\/ravel.com.br\/blog\/?s={search_term_string}"},"query-input":{"@type":"PropertyValueSpecification","valueRequired":true,"valueName":"search_term_string"}}],"inLanguage":"pt-BR"},{"@type":"Person","@id":"https:\/\/ravel.com.br\/blog\/#\/schema\/person\/77a79ccf728fc4a376654c3546e919f5","name":"Ravel Tecnologia","image":{"@type":"ImageObject","inLanguage":"pt-BR","@id":"https:\/\/ravel.com.br\/blog\/#\/schema\/person\/image\/","url":"https:\/\/secure.gravatar.com\/avatar\/449267afe4e5fadbd121b8790fd528f6?s=96&d=mm&r=g","contentUrl":"https:\/\/secure.gravatar.com\/avatar\/449267afe4e5fadbd121b8790fd528f6?s=96&d=mm&r=g","caption":"Ravel Tecnologia"},"description":"Oferecemos servi\u00e7os de TI para garantir que a tecnologia trabalhe como forte aliada na conquista de resultados e se reflita de forma direta na produtividade e no crescimento das empresas.","url":"https:\/\/ravel.com.br\/blog\/author\/ravel-tecnologia\/"}]}},"_links":{"self":[{"href":"https:\/\/ravel.com.br\/blog\/wp-json\/wp\/v2\/posts\/924","targetHints":{"allow":["GET"]}}],"collection":[{"href":"https:\/\/ravel.com.br\/blog\/wp-json\/wp\/v2\/posts"}],"about":[{"href":"https:\/\/ravel.com.br\/blog\/wp-json\/wp\/v2\/types\/post"}],"author":[{"embeddable":true,"href":"https:\/\/ravel.com.br\/blog\/wp-json\/wp\/v2\/users\/34"}],"replies":[{"embeddable":true,"href":"https:\/\/ravel.com.br\/blog\/wp-json\/wp\/v2\/comments?post=924"}],"version-history":[{"count":4,"href":"https:\/\/ravel.com.br\/blog\/wp-json\/wp\/v2\/posts\/924\/revisions"}],"predecessor-version":[{"id":2347,"href":"https:\/\/ravel.com.br\/blog\/wp-json\/wp\/v2\/posts\/924\/revisions\/2347"}],"wp:featuredmedia":[{"embeddable":true,"href":"https:\/\/ravel.com.br\/blog\/wp-json\/wp\/v2\/media\/926"}],"wp:attachment":[{"href":"https:\/\/ravel.com.br\/blog\/wp-json\/wp\/v2\/media?parent=924"}],"wp:term":[{"taxonomy":"category","embeddable":true,"href":"https:\/\/ravel.com.br\/blog\/wp-json\/wp\/v2\/categories?post=924"},{"taxonomy":"post_tag","embeddable":true,"href":"https:\/\/ravel.com.br\/blog\/wp-json\/wp\/v2\/tags?post=924"}],"curies":[{"name":"wp","href":"https:\/\/api.w.org\/{rel}","templated":true}]}}